{"id":951,"date":"2011-05-16T16:22:23","date_gmt":"2011-05-16T14:22:23","guid":{"rendered":"http:\/\/www.jorf.se\/?p=951"},"modified":"2011-05-17T06:52:38","modified_gmt":"2011-05-17T04:52:38","slug":"biatare-observerade-i-jamtland","status":"publish","type":"post","link":"https:\/\/www.jorf.se\/?p=951","title":{"rendered":"Bi\u00e4tare observerade i J\u00e4mtland"},"content":{"rendered":"<p>Under s\u00f6ndagen observerade Tord Bernhardsson tre bi\u00e4tare som i kallt och regnigt v\u00e4der satt p\u00e5 en elledning i M\u00e5lsta, mellan Vallsundsbron och Orrviken, ca 1 mil fr\u00e5n \u00d6stersunds centrum. <\/p>\n<p>Observationen \u00e4r gjord fr\u00e5n Tords k\u00f6ksf\u00f6nster klockan 09.30, s\u00f6ndagen den 15 maj 2011. Se bilder nedan som \u00e4r tagna med en liten digitalkamera p\u00e5 ca 15 m avst\u00e5nd.<\/p>\n<div id=\"attachment_957\" style=\"width: 624px\" class=\"wp-caption aligncenter\"><a href=\"http:\/\/www.jorf.se\/wp-content\/uploads\/2011\/05\/IMGP1691.jpg\"><img loading=\"lazy\" decoding=\"async\" aria-describedby=\"caption-attachment-957\" class=\"size-large wp-image-957 \" title=\"Bi\u00e4tare 3\" src=\"http:\/\/www.jorf.se\/wp-content\/uploads\/2011\/05\/IMGP1691-1024x767.jpg\" alt=\"\" width=\"614\" height=\"460\" srcset=\"https:\/\/www.jorf.se\/wp-content\/uploads\/2011\/05\/IMGP1691-1024x767.jpg 1024w, https:\/\/www.jorf.se\/wp-content\/uploads\/2011\/05\/IMGP1691-300x224.jpg 300w, https:\/\/www.jorf.se\/wp-content\/uploads\/2011\/05\/IMGP1691.jpg 1215w\" sizes=\"(max-width: 614px) 100vw, 614px\" \/><\/a><p id=\"caption-attachment-957\" class=\"wp-caption-text\">Bi\u00e4tare. Foto: Tord Bernhardsson<\/p><\/div>\n<div id=\"attachment_952\" style=\"width: 624px\" class=\"wp-caption aligncenter\"><a href=\"http:\/\/www.jorf.se\/wp-content\/uploads\/2011\/05\/IMGP1690.jpg\"><img loading=\"lazy\" decoding=\"async\" aria-describedby=\"caption-attachment-952\" class=\"size-large wp-image-952 \" title=\"Bi\u00e4tare 1\" src=\"http:\/\/www.jorf.se\/wp-content\/uploads\/2011\/05\/IMGP1690-1024x768.jpg\" alt=\"\" width=\"614\" height=\"461\" \/><\/a><p id=\"caption-attachment-952\" class=\"wp-caption-text\">Bi\u00e4tare. Foto: Tord Bernhardsson<\/p><\/div>\n<div id=\"attachment_953\" style=\"width: 624px\" class=\"wp-caption aligncenter\"><a href=\"http:\/\/www.jorf.se\/wp-content\/uploads\/2011\/05\/IMGP1689.jpg\"><img loading=\"lazy\" decoding=\"async\" aria-describedby=\"caption-attachment-953\" class=\"size-large wp-image-953 \" title=\"Bi\u00e4tare 2\" src=\"http:\/\/www.jorf.se\/wp-content\/uploads\/2011\/05\/IMGP1689-1024x768.jpg\" alt=\"\" width=\"614\" height=\"461\" \/><\/a><p id=\"caption-attachment-953\" class=\"wp-caption-text\">Bi\u00e4tare. Foto: Tord Bernhardsson<\/p><\/div>\n<p>N\u00e5gon dag tidigare rapporterades det i nyheterna om <span style=\"text-decoration: underline;\"><a href=\"http:\/\/www.svd.se\/nyheter\/inrikes\/biatare-sensation-i-lappland_6162719.svd\">nio bi\u00e4tare i Sorsele<\/a><\/span>. Det \u00e4r inte om\u00f6jligt att det finns \u00e4nnu fler runt om i l\u00e4net att observera f\u00f6r den som har \u00f6gonen \u00f6ppna. \u00c4ven fr\u00e5n Island har man nyligen rapporterat bi\u00e4tare, d\u00e4r f\u00f6r andra g\u00e5ngen n\u00e5gonsin.<\/p>\n","protected":false},"excerpt":{"rendered":"<p>Under s\u00f6ndagen observerade Tord Bernhardsson tre bi\u00e4tare som i kallt och regnigt v\u00e4der satt p\u00e5 en elledning i M\u00e5lsta, mellan Vallsundsbron och Orrviken, ca 1 mil fr\u00e5n \u00d6stersunds centrum. Observationen \u00e4r gjord fr\u00e5n Tords k\u00f6ksf\u00f6nster klockan 09.30, s\u00f6ndagen den 15 maj 2011. Se bilder nedan som \u00e4r tagna med en liten digitalkamera p\u00e5 ca 15 [&hellip;]<\/p>\n","protected":false},"author":2,"featured_media":0,"comment_status":"open","ping_status":"open","sticky":false,"template":"","format":"standard","meta":{"footnotes":""},"categories":[17],"tags":[],"_links":{"self":[{"href":"https:\/\/www.jorf.se\/index.php?rest_route=\/wp\/v2\/posts\/951"}],"collection":[{"href":"https:\/\/www.jorf.se\/index.php?rest_route=\/wp\/v2\/posts"}],"about":[{"href":"https:\/\/www.jorf.se\/index.php?rest_route=\/wp\/v2\/types\/post"}],"author":[{"embeddable":true,"href":"https:\/\/www.jorf.se\/index.php?rest_route=\/wp\/v2\/users\/2"}],"replies":[{"embeddable":true,"href":"https:\/\/www.jorf.se\/index.php?rest_route=%2Fwp%2Fv2%2Fcomments&post=951"}],"version-history":[{"count":17,"href":"https:\/\/www.jorf.se\/index.php?rest_route=\/wp\/v2\/posts\/951\/revisions"}],"predecessor-version":[{"id":971,"href":"https:\/\/www.jorf.se\/index.php?rest_route=\/wp\/v2\/posts\/951\/revisions\/971"}],"wp:attachment":[{"href":"https:\/\/www.jorf.se\/index.php?rest_route=%2Fwp%2Fv2%2Fmedia&parent=951"}],"wp:term":[{"taxonomy":"category","embeddable":true,"href":"https:\/\/www.jorf.se\/index.php?rest_route=%2Fwp%2Fv2%2Fcategories&post=951"},{"taxonomy":"post_tag","embeddable":true,"href":"https:\/\/www.jorf.se\/index.php?rest_route=%2Fwp%2Fv2%2Ftags&post=951"}],"curies":[{"name":"wp","href":"https:\/\/api.w.org\/{rel}","templated":true}]}}