{"id":4491,"date":"2026-04-28T18:31:45","date_gmt":"2026-04-28T16:31:45","guid":{"rendered":"https:\/\/www.jorf.se\/?p=4491"},"modified":"2026-04-28T18:31:45","modified_gmt":"2026-04-28T16:31:45","slug":"fageltornskampen-och-fagelskadningens-dag-2026","status":"publish","type":"post","link":"https:\/\/www.jorf.se\/?p=4491","title":{"rendered":"F\u00e5geltornskampen och F\u00e5gelsk\u00e5dningens dag 2026"},"content":{"rendered":"\n<p><strong>F\u00e5geltornskampen 9 maj V\u00e4stra tornet i Tysj\u00f6arna, norra sj\u00f6n. 05:00 &#8211; 13:00.<\/strong><\/p>\n\n\n\n<p>\u00d6ppet f\u00f6r alla att under dagen komma p\u00e5 bes\u00f6k. Info Christer P\u00e5lsson 070-648 59 70<strong><\/strong><\/p>\n\n\n\n<p><strong>F\u00e5geltornskampen 9 maj 05:00 &#8211; 13:00<\/strong> <strong>Sik\u00e5stornet <\/strong>Info Joakim Danielsson, 070-603 26 79<\/p>\n\n\n\n<p><strong>F\u00e5gelsk\u00e5dningens dag 10 maj<\/strong>. Samling vid Lillsj\u00f6n, Tullings\u00e5s kl 08:00.&nbsp;Info Robert Jansson, 070-234 10 70<\/p>\n\n\n\n<p><strong>F\u00e5gelsk\u00e5dningens dag 10 maj 07.00 S\u00f6dra f\u00e5geltornet \u00c4ndsj\u00f6n<\/strong><\/p>\n\n\n\n<p><strong>Info:<\/strong> Anne Siivola 076-019 21 37<\/p>\n","protected":false},"excerpt":{"rendered":"<p>F\u00e5geltornskampen 9 maj V\u00e4stra tornet i Tysj\u00f6arna, norra sj\u00f6n. 05:00 &#8211; 13:00. \u00d6ppet f\u00f6r alla att under dagen komma p\u00e5 bes\u00f6k. Info Christer P\u00e5lsson 070-648 59 70 F\u00e5geltornskampen 9 maj 05:00 &#8211; 13:00 Sik\u00e5stornet Info Joakim Danielsson, 070-603 26 79 F\u00e5gelsk\u00e5dningens dag 10 maj. Samling vid Lillsj\u00f6n, Tullings\u00e5s kl 08:00.&nbsp;Info Robert Jansson, 070-234 10 70 [&hellip;]<\/p>\n","protected":false},"author":3,"featured_media":0,"comment_status":"open","ping_status":"open","sticky":false,"template":"","format":"standard","meta":{"footnotes":""},"categories":[1],"tags":[],"_links":{"self":[{"href":"https:\/\/www.jorf.se\/index.php?rest_route=\/wp\/v2\/posts\/4491"}],"collection":[{"href":"https:\/\/www.jorf.se\/index.php?rest_route=\/wp\/v2\/posts"}],"about":[{"href":"https:\/\/www.jorf.se\/index.php?rest_route=\/wp\/v2\/types\/post"}],"author":[{"embeddable":true,"href":"https:\/\/www.jorf.se\/index.php?rest_route=\/wp\/v2\/users\/3"}],"replies":[{"embeddable":true,"href":"https:\/\/www.jorf.se\/index.php?rest_route=%2Fwp%2Fv2%2Fcomments&post=4491"}],"version-history":[{"count":1,"href":"https:\/\/www.jorf.se\/index.php?rest_route=\/wp\/v2\/posts\/4491\/revisions"}],"predecessor-version":[{"id":4492,"href":"https:\/\/www.jorf.se\/index.php?rest_route=\/wp\/v2\/posts\/4491\/revisions\/4492"}],"wp:attachment":[{"href":"https:\/\/www.jorf.se\/index.php?rest_route=%2Fwp%2Fv2%2Fmedia&parent=4491"}],"wp:term":[{"taxonomy":"category","embeddable":true,"href":"https:\/\/www.jorf.se\/index.php?rest_route=%2Fwp%2Fv2%2Fcategories&post=4491"},{"taxonomy":"post_tag","embeddable":true,"href":"https:\/\/www.jorf.se\/index.php?rest_route=%2Fwp%2Fv2%2Ftags&post=4491"}],"curies":[{"name":"wp","href":"https:\/\/api.w.org\/{rel}","templated":true}]}}