{"id":4227,"date":"2025-01-21T19:31:37","date_gmt":"2025-01-21T18:31:37","guid":{"rendered":"https:\/\/www.jorf.se\/?p=4227"},"modified":"2025-01-23T19:17:15","modified_gmt":"2025-01-23T18:17:15","slug":"vinterfaglar-inpa-knuten-24-29-januari-2025","status":"publish","type":"post","link":"https:\/\/www.jorf.se\/?p=4227","title":{"rendered":"Vinterf\u00e5gelr\u00e4kningen 24-27 januari 2025"},"content":{"rendered":"\n<figure class=\"wp-block-image size-large\"><a href=\"https:\/\/www.jorf.se\/wp-content\/uploads\/2025\/01\/Faglarinpaknuten_CJ.jpg\"><img loading=\"lazy\" decoding=\"async\" width=\"1024\" height=\"768\" src=\"https:\/\/www.jorf.se\/wp-content\/uploads\/2025\/01\/Faglarinpaknuten_CJ-1024x768.jpg\" alt=\"\" class=\"wp-image-4228\" srcset=\"https:\/\/www.jorf.se\/wp-content\/uploads\/2025\/01\/Faglarinpaknuten_CJ-1024x768.jpg 1024w, https:\/\/www.jorf.se\/wp-content\/uploads\/2025\/01\/Faglarinpaknuten_CJ-300x225.jpg 300w, https:\/\/www.jorf.se\/wp-content\/uploads\/2025\/01\/Faglarinpaknuten_CJ-768x576.jpg 768w, https:\/\/www.jorf.se\/wp-content\/uploads\/2025\/01\/Faglarinpaknuten_CJ.jpg 1288w\" sizes=\"(max-width: 1024px) 100vw, 1024px\" \/><\/a><figcaption class=\"wp-element-caption\">F\u00e5glar inp\u00e5 knuten. Bilden ingick i JORF:s f\u00e5gelfotot\u00e4vling 2024.  Foto: Carina Jansson, \u00c5s<\/figcaption><\/figure>\n\n\n\n<p>Den 24-27 januari p\u00e5g\u00e5r Vinterf\u00e5gelr\u00e4kningen 2024. Mer information finns p\u00e5 BirdLife Sveriges hemsida. <a href=\"https:\/\/vinterfaglar.se\/\">vinterfaglar.se<\/a><\/p>\n","protected":false},"excerpt":{"rendered":"<p>Den 24-27 januari p\u00e5g\u00e5r Vinterf\u00e5gelr\u00e4kningen 2024. Mer information finns p\u00e5 BirdLife Sveriges hemsida. vinterfaglar.se<\/p>\n","protected":false},"author":3,"featured_media":0,"comment_status":"open","ping_status":"open","sticky":false,"template":"","format":"standard","meta":{"footnotes":""},"categories":[1],"tags":[],"_links":{"self":[{"href":"https:\/\/www.jorf.se\/index.php?rest_route=\/wp\/v2\/posts\/4227"}],"collection":[{"href":"https:\/\/www.jorf.se\/index.php?rest_route=\/wp\/v2\/posts"}],"about":[{"href":"https:\/\/www.jorf.se\/index.php?rest_route=\/wp\/v2\/types\/post"}],"author":[{"embeddable":true,"href":"https:\/\/www.jorf.se\/index.php?rest_route=\/wp\/v2\/users\/3"}],"replies":[{"embeddable":true,"href":"https:\/\/www.jorf.se\/index.php?rest_route=%2Fwp%2Fv2%2Fcomments&post=4227"}],"version-history":[{"count":5,"href":"https:\/\/www.jorf.se\/index.php?rest_route=\/wp\/v2\/posts\/4227\/revisions"}],"predecessor-version":[{"id":4234,"href":"https:\/\/www.jorf.se\/index.php?rest_route=\/wp\/v2\/posts\/4227\/revisions\/4234"}],"wp:attachment":[{"href":"https:\/\/www.jorf.se\/index.php?rest_route=%2Fwp%2Fv2%2Fmedia&parent=4227"}],"wp:term":[{"taxonomy":"category","embeddable":true,"href":"https:\/\/www.jorf.se\/index.php?rest_route=%2Fwp%2Fv2%2Fcategories&post=4227"},{"taxonomy":"post_tag","embeddable":true,"href":"https:\/\/www.jorf.se\/index.php?rest_route=%2Fwp%2Fv2%2Ftags&post=4227"}],"curies":[{"name":"wp","href":"https:\/\/api.w.org\/{rel}","templated":true}]}}