{"id":4176,"date":"2024-12-05T17:36:39","date_gmt":"2024-12-05T16:36:39","guid":{"rendered":"https:\/\/www.jorf.se\/?p=4176"},"modified":"2024-12-05T18:23:09","modified_gmt":"2024-12-05T17:23:09","slug":"resultat-av-fagelfototavlingen-2024","status":"publish","type":"post","link":"https:\/\/www.jorf.se\/?p=4176","title":{"rendered":"Resultat av f\u00e5gelfotot\u00e4vlingen 2024"},"content":{"rendered":"\n<p>F\u00f6rstapristagarna i JORF:s fotot\u00e4vling 2024 blev  Sixten Lindblom som vann i kategorin &#8221;F\u00e5glar runt knuten&#8221; och Andreas Eriksson som vann i kategorin &#8221;Myllrande v\u00e5tmarker&#8221;. Vinnarna fick varsitt presentkort i Naturbutiken p\u00e5 \u00d6land. Under julm\u00f6tet visades en bild fr\u00e5n samtliga deltagare i t\u00e4vlingen, och vi kommer med tiden att presentera ytterligare n\u00e5gra av dessa fantastiska bilder p\u00e5 JORF:s hemsida, facebooksidor eller i v\u00e5r tidning &#8221;F\u00e5glar i J\u00e4mtland-H\u00e4rjedalen&#8221; med tiden. Vi fick in fantastiskt fina bilder.<\/p>\n\n\n\n<p>Det var Storsj\u00f6bygdens Fotoklubb som r\u00f6stade fram vinnarbilderna p\u00e5 sitt medlemsm\u00f6te den 19 november. Namnen p\u00e5 de deltagande fotograferna var anonyma f\u00f6r fotoklubben inf\u00f6r omr\u00f6stningen. <\/p>\n\n\n\n<figure class=\"wp-block-image size-large\"><a href=\"https:\/\/www.jorf.se\/wp-content\/uploads\/2024\/12\/F-5-knuten_4-scaled.jpg\"><img loading=\"lazy\" decoding=\"async\" width=\"1024\" height=\"683\" src=\"https:\/\/www.jorf.se\/wp-content\/uploads\/2024\/12\/F-5-knuten_4-1024x683.jpg\" alt=\"\" class=\"wp-image-4177\" srcset=\"https:\/\/www.jorf.se\/wp-content\/uploads\/2024\/12\/F-5-knuten_4-1024x683.jpg 1024w, https:\/\/www.jorf.se\/wp-content\/uploads\/2024\/12\/F-5-knuten_4-300x200.jpg 300w, https:\/\/www.jorf.se\/wp-content\/uploads\/2024\/12\/F-5-knuten_4-768x512.jpg 768w, https:\/\/www.jorf.se\/wp-content\/uploads\/2024\/12\/F-5-knuten_4-1536x1024.jpg 1536w, https:\/\/www.jorf.se\/wp-content\/uploads\/2024\/12\/F-5-knuten_4-2048x1365.jpg 2048w\" sizes=\"(max-width: 1024px) 100vw, 1024px\" \/><\/a><\/figure>\n\n\n\n<p><strong>Kategori: F\u00e5glar runt knuten<\/strong> (bilder tagna i J\u00e4mtland H\u00e4rjedalen):<br><strong>Vinnare:<\/strong> Fotograf nr 5 bild 4, Stare. <br>Motivering: Bildens komposition d\u00e4r f\u00e5geln, gren och \u00e4pplen \u00e4r placerade och fokuserade p\u00e5 ett<br>utm\u00e4rkt s\u00e4tt, framh\u00e4vs med en stor bl\u00e4ndare som g\u00f6r att bakgrunden \u00e4r diffus och inte st\u00f6r.<br>Fotografen har ocks\u00e5 lyckats f\u00e5nga f\u00e5geln med en tugga fr\u00e5n \u00e4pplena i n\u00e4bben som st\u00e4rker bevis<br>f\u00f6r att \u00e5verkan p\u00e5 \u00e4pplena faktiskt \u00e5samkas av staren. De r\u00f6da \u00e4pplena, gula l\u00f6ven bidrar<br>ytterligare till att ge bilden en lyckad f\u00e4rgvariation. Med andra ord mycket bra f\u00e5ngat. Fotograf: Sixten Lindblom.<\/p>\n\n\n\n<p><strong>\u00d6vriga uttagna bilder i kategorien<\/strong> F\u00e5glar runt knuten<br>Ut\u00f6ver vinnaren i kategorien vill klubben framh\u00e5lla f\u00f6ljande tre bilder som fr\u00e4msta konkurrenter<br>till f\u00f6rstaplatsen i kategorien:<\/p>\n\n\n\n<figure class=\"wp-block-image size-large\"><a href=\"https:\/\/www.jorf.se\/wp-content\/uploads\/2024\/12\/F-3-knuten_2-scaled.jpg\"><img loading=\"lazy\" decoding=\"async\" width=\"1024\" height=\"706\" src=\"https:\/\/www.jorf.se\/wp-content\/uploads\/2024\/12\/F-3-knuten_2-1024x706.jpg\" alt=\"\" class=\"wp-image-4179\" srcset=\"https:\/\/www.jorf.se\/wp-content\/uploads\/2024\/12\/F-3-knuten_2-1024x706.jpg 1024w, https:\/\/www.jorf.se\/wp-content\/uploads\/2024\/12\/F-3-knuten_2-300x207.jpg 300w, https:\/\/www.jorf.se\/wp-content\/uploads\/2024\/12\/F-3-knuten_2-768x529.jpg 768w, https:\/\/www.jorf.se\/wp-content\/uploads\/2024\/12\/F-3-knuten_2-1536x1059.jpg 1536w, https:\/\/www.jorf.se\/wp-content\/uploads\/2024\/12\/F-3-knuten_2-2048x1412.jpg 2048w\" sizes=\"(max-width: 1024px) 100vw, 1024px\" \/><\/a><\/figure>\n\n\n\n<p><br>Fotograf nr 3 bild 2, Gr\u00f6nsiska. F\u00e5geln f\u00e5ngad i ett kul \u00f6gonblick i en intressant och vacker milj\u00f6 med bra fokus p\u00e5 f\u00e5geln och de kring den n\u00e4rmaste rekvisiten. Placering utm\u00e4rkt mitt i bilden och en bra f\u00e4rgkomposition. Fotograf: Andreas Eriksson <\/p>\n\n\n\n<figure class=\"wp-block-image size-large\"><a href=\"https:\/\/www.jorf.se\/wp-content\/uploads\/2024\/12\/F-11-knuten_1.jpg\"><img loading=\"lazy\" decoding=\"async\" width=\"1024\" height=\"854\" src=\"https:\/\/www.jorf.se\/wp-content\/uploads\/2024\/12\/F-11-knuten_1-1024x854.jpg\" alt=\"\" class=\"wp-image-4180\" srcset=\"https:\/\/www.jorf.se\/wp-content\/uploads\/2024\/12\/F-11-knuten_1-1024x854.jpg 1024w, https:\/\/www.jorf.se\/wp-content\/uploads\/2024\/12\/F-11-knuten_1-300x250.jpg 300w, https:\/\/www.jorf.se\/wp-content\/uploads\/2024\/12\/F-11-knuten_1-768x640.jpg 768w, https:\/\/www.jorf.se\/wp-content\/uploads\/2024\/12\/F-11-knuten_1-1536x1280.jpg 1536w, https:\/\/www.jorf.se\/wp-content\/uploads\/2024\/12\/F-11-knuten_1.jpg 2000w\" sizes=\"(max-width: 1024px) 100vw, 1024px\" \/><\/a><\/figure>\n\n\n\n<p><br>Fotograf nr 11 bild 1, Sparvh\u00f6k: Ett osannolikt fototillf\u00e4lle som gett en fantastiskt skarp (portr\u00e4tt-)<br>bild av en rovf\u00e5gel. Man kunde \u00f6nska att alla f\u00e5glar st\u00e4llde upp p\u00e5 detta s\u00e4tt f\u00f6r att bli avbildade. Fotograf: Lars \u00d6berg<\/p>\n\n\n\n<figure class=\"wp-block-image size-large\"><a href=\"https:\/\/www.jorf.se\/wp-content\/uploads\/2024\/12\/F-8-knuten_2.jpg\"><img loading=\"lazy\" decoding=\"async\" width=\"1024\" height=\"768\" src=\"https:\/\/www.jorf.se\/wp-content\/uploads\/2024\/12\/F-8-knuten_2-1024x768.jpg\" alt=\"\" class=\"wp-image-4181\" srcset=\"https:\/\/www.jorf.se\/wp-content\/uploads\/2024\/12\/F-8-knuten_2-1024x768.jpg 1024w, https:\/\/www.jorf.se\/wp-content\/uploads\/2024\/12\/F-8-knuten_2-300x225.jpg 300w, https:\/\/www.jorf.se\/wp-content\/uploads\/2024\/12\/F-8-knuten_2-768x576.jpg 768w, https:\/\/www.jorf.se\/wp-content\/uploads\/2024\/12\/F-8-knuten_2.jpg 1288w\" sizes=\"(max-width: 1024px) 100vw, 1024px\" \/><\/a><\/figure>\n\n\n\n<p><br>Fotograf nr 8, bild 2, Talgoxar: En trevlig \u00f6gonblicksbild d\u00e4r framf\u00f6r allt den till synes hovrande<br>talgoxen skapar bildens dynamik. Bra fokus p\u00e5 rep och f\u00e5glar och med bl\u00e4ndare som ger r\u00e4tt<br>bakgrund.  Fotograf: Carina Jansson<\/p>\n\n\n\n<figure class=\"wp-block-image size-large\"><a href=\"https:\/\/www.jorf.se\/wp-content\/uploads\/2024\/12\/F-3-vatmark_6-1-scaled.jpg\"><img loading=\"lazy\" decoding=\"async\" width=\"1024\" height=\"683\" src=\"https:\/\/www.jorf.se\/wp-content\/uploads\/2024\/12\/F-3-vatmark_6-1-1024x683.jpg\" alt=\"\" class=\"wp-image-4182\" srcset=\"https:\/\/www.jorf.se\/wp-content\/uploads\/2024\/12\/F-3-vatmark_6-1-1024x683.jpg 1024w, https:\/\/www.jorf.se\/wp-content\/uploads\/2024\/12\/F-3-vatmark_6-1-300x200.jpg 300w, https:\/\/www.jorf.se\/wp-content\/uploads\/2024\/12\/F-3-vatmark_6-1-768x512.jpg 768w, https:\/\/www.jorf.se\/wp-content\/uploads\/2024\/12\/F-3-vatmark_6-1-1536x1024.jpg 1536w, https:\/\/www.jorf.se\/wp-content\/uploads\/2024\/12\/F-3-vatmark_6-1-2048x1365.jpg 2048w\" sizes=\"(max-width: 1024px) 100vw, 1024px\" \/><\/a><\/figure>\n\n\n\n<p><strong>Kategori: Myllrande V\u00e5tmarker<\/strong><br><strong>Vinnare: <\/strong>Fotograf nr 3 bild 6, Lavskrika. <br>Motivering: F\u00e5geln f\u00e5ngad i en fin position med bra fokus p\u00e5 hela f\u00e5geln inklusive<br>maten\/trollsl\u00e4ndan i n\u00e4bben som g\u00f6r att bilden utm\u00e4rker sig framf\u00f6r \u00f6vriga bilder i kategorien.<br>S\u00e5ledes en bra \u00f6gonblicksbild med bra komposition, fokus och f\u00e4rger. Fotograf: Andreas Eriksson<\/p>\n\n\n\n<p>Ut\u00f6ver vinnande bild avst\u00e5r fotoklubben\/juryn att kommentera\/bed\u00f6ma \u00f6vriga bilder i kategorien Myllrande v\u00e5tmarker. <\/p>\n","protected":false},"excerpt":{"rendered":"<p>F\u00f6rstapristagarna i JORF:s fotot\u00e4vling 2024 blev Sixten Lindblom som vann i kategorin &#8221;F\u00e5glar runt knuten&#8221; och Andreas Eriksson som vann i kategorin &#8221;Myllrande v\u00e5tmarker&#8221;. Vinnarna fick varsitt presentkort i Naturbutiken p\u00e5 \u00d6land. Under julm\u00f6tet visades en bild fr\u00e5n samtliga deltagare i t\u00e4vlingen, och vi kommer med tiden att presentera ytterligare n\u00e5gra av dessa fantastiska bilder [&hellip;]<\/p>\n","protected":false},"author":3,"featured_media":0,"comment_status":"open","ping_status":"open","sticky":false,"template":"","format":"standard","meta":{"footnotes":""},"categories":[1],"tags":[],"_links":{"self":[{"href":"https:\/\/www.jorf.se\/index.php?rest_route=\/wp\/v2\/posts\/4176"}],"collection":[{"href":"https:\/\/www.jorf.se\/index.php?rest_route=\/wp\/v2\/posts"}],"about":[{"href":"https:\/\/www.jorf.se\/index.php?rest_route=\/wp\/v2\/types\/post"}],"author":[{"embeddable":true,"href":"https:\/\/www.jorf.se\/index.php?rest_route=\/wp\/v2\/users\/3"}],"replies":[{"embeddable":true,"href":"https:\/\/www.jorf.se\/index.php?rest_route=%2Fwp%2Fv2%2Fcomments&post=4176"}],"version-history":[{"count":4,"href":"https:\/\/www.jorf.se\/index.php?rest_route=\/wp\/v2\/posts\/4176\/revisions"}],"predecessor-version":[{"id":4187,"href":"https:\/\/www.jorf.se\/index.php?rest_route=\/wp\/v2\/posts\/4176\/revisions\/4187"}],"wp:attachment":[{"href":"https:\/\/www.jorf.se\/index.php?rest_route=%2Fwp%2Fv2%2Fmedia&parent=4176"}],"wp:term":[{"taxonomy":"category","embeddable":true,"href":"https:\/\/www.jorf.se\/index.php?rest_route=%2Fwp%2Fv2%2Fcategories&post=4176"},{"taxonomy":"post_tag","embeddable":true,"href":"https:\/\/www.jorf.se\/index.php?rest_route=%2Fwp%2Fv2%2Ftags&post=4176"}],"curies":[{"name":"wp","href":"https:\/\/api.w.org\/{rel}","templated":true}]}}