{"id":4101,"date":"2024-09-17T13:12:29","date_gmt":"2024-09-17T11:12:29","guid":{"rendered":"https:\/\/www.jorf.se\/?p=4101"},"modified":"2024-09-17T14:22:01","modified_gmt":"2024-09-17T12:22:01","slug":"sixten-blev-arets-fagelskadare-2024","status":"publish","type":"post","link":"https:\/\/www.jorf.se\/?p=4101","title":{"rendered":"Sixten blev \u00c5RETS F\u00c5GELSK\u00c5DARE 2024"},"content":{"rendered":"\n<figure class=\"wp-block-image size-large\"><a href=\"https:\/\/www.jorf.se\/wp-content\/uploads\/2024\/09\/Sixten-arets-skadare.jpg\"><img loading=\"lazy\" decoding=\"async\" width=\"1024\" height=\"338\" src=\"https:\/\/www.jorf.se\/wp-content\/uploads\/2024\/09\/Sixten-arets-skadare-1024x338.jpg\" alt=\"\" class=\"wp-image-4102\" srcset=\"https:\/\/www.jorf.se\/wp-content\/uploads\/2024\/09\/Sixten-arets-skadare-1024x338.jpg 1024w, https:\/\/www.jorf.se\/wp-content\/uploads\/2024\/09\/Sixten-arets-skadare-300x99.jpg 300w, https:\/\/www.jorf.se\/wp-content\/uploads\/2024\/09\/Sixten-arets-skadare-768x254.jpg 768w, https:\/\/www.jorf.se\/wp-content\/uploads\/2024\/09\/Sixten-arets-skadare.jpg 1090w\" sizes=\"(max-width: 1024px) 100vw, 1024px\" \/><\/a><figcaption class=\"wp-element-caption\">Sixten Lindblom mottar priset &#8221;\u00c5rets F\u00e5gelsk\u00e5dare&#8221; . Kjell Carlsson, ordf\u00f6rande i BirdLife Sverige, presenterade motiveringarna till priset.<\/figcaption><\/figure>\n\n\n\n<p><\/p>\n\n\n\n<p>Sixten Lindblom fr\u00e5n Genvalla i J\u00e4mtland har v\u00e4lf\u00f6rtj\u00e4nt f\u00e5tt priset &#8221;\u00c5rets F\u00e5gelsk\u00e5dare&#8221; p\u00e5 BirdLife Sveriges arrangemang &#8221;Falsterbo Bird Show&#8221; i september 2024. Sixten \u00e4r en ov\u00e4rderlig tillg\u00e5ng f\u00f6r JORF och \u00c5nnsj\u00f6ns F\u00e5gelstation. Han \u00e4r viktig b\u00e5de i v\u00e5r ringm\u00e4rkningsverksamhet och i rovf\u00e5gelprojekten speciellt kungs\u00f6rn och jaktfalk. P\u00e5 vintern \u00e5ker han l\u00e5nga str\u00e4ckor p\u00e5 skidor och inventerar jaktfalkrevir i J\u00e4mtlandsfj\u00e4llen och p\u00e5 sommaren g\u00e5r han samma str\u00e4ckor till fots. Han \u00e4r ocks\u00e5  en v\u00e4ldigt skicklig f\u00e4ltornitolog och f\u00e5gelfotograf. <\/p>\n\n\n\n<p>Sixten ing\u00e5r i JORF:s styrelse och engagerar sig i flera fr\u00e5gor, b\u00e5de g\u00e4llande f\u00e5gelskydd, artbest\u00e4mning och f\u00f6reningens programverksamhet. Sedan 2024 ing\u00e5r han \u00e4ven i BirdLife Sveriges ungdomskommitt\u00e9.<\/p>\n\n\n\n<p>Bara en g\u00e5ng tidigare har n\u00e5gon ornitolog fr\u00e5n J\u00e4mtland f\u00e5tt pris av SOF-BirdLife Sverige p\u00e5 Falsterbo Bird Show. Det var Pontus Wennesj\u00f6 som uts\u00e5gs till &#8221;\u00c5rets F\u00e5gelsk\u00e5dare&#8221; f\u00f6r n\u00e5gra \u00e5r sedan.<\/p>\n\n\n\n<p><\/p>\n\n\n\n<p>Debora Arlt fr\u00e5n Uppland fick priset &#8221;\u00c5rets Silvert\u00e4rna&#8221;. Hon forskar p\u00e5 stenskv\u00e4ttors populationsdynamik, och ringm\u00e4rker b\u00e5de i Ammarn\u00e4s och i Uppsala. Hon \u00e4r ocks\u00e5 engagerad i Upplands tj\u00e4dergrupp och skapar bost\u00e4der f\u00f6r tornseglare.<\/p>\n\n\n\n<p><\/p>\n","protected":false},"excerpt":{"rendered":"<p>Sixten Lindblom fr\u00e5n Genvalla i J\u00e4mtland har v\u00e4lf\u00f6rtj\u00e4nt f\u00e5tt priset &#8221;\u00c5rets F\u00e5gelsk\u00e5dare&#8221; p\u00e5 BirdLife Sveriges arrangemang &#8221;Falsterbo Bird Show&#8221; i september 2024. Sixten \u00e4r en ov\u00e4rderlig tillg\u00e5ng f\u00f6r JORF och \u00c5nnsj\u00f6ns F\u00e5gelstation. Han \u00e4r viktig b\u00e5de i v\u00e5r ringm\u00e4rkningsverksamhet och i rovf\u00e5gelprojekten speciellt kungs\u00f6rn och jaktfalk. P\u00e5 vintern \u00e5ker han l\u00e5nga str\u00e4ckor p\u00e5 skidor och [&hellip;]<\/p>\n","protected":false},"author":3,"featured_media":0,"comment_status":"open","ping_status":"open","sticky":false,"template":"","format":"standard","meta":{"footnotes":""},"categories":[1],"tags":[],"_links":{"self":[{"href":"https:\/\/www.jorf.se\/index.php?rest_route=\/wp\/v2\/posts\/4101"}],"collection":[{"href":"https:\/\/www.jorf.se\/index.php?rest_route=\/wp\/v2\/posts"}],"about":[{"href":"https:\/\/www.jorf.se\/index.php?rest_route=\/wp\/v2\/types\/post"}],"author":[{"embeddable":true,"href":"https:\/\/www.jorf.se\/index.php?rest_route=\/wp\/v2\/users\/3"}],"replies":[{"embeddable":true,"href":"https:\/\/www.jorf.se\/index.php?rest_route=%2Fwp%2Fv2%2Fcomments&post=4101"}],"version-history":[{"count":7,"href":"https:\/\/www.jorf.se\/index.php?rest_route=\/wp\/v2\/posts\/4101\/revisions"}],"predecessor-version":[{"id":4110,"href":"https:\/\/www.jorf.se\/index.php?rest_route=\/wp\/v2\/posts\/4101\/revisions\/4110"}],"wp:attachment":[{"href":"https:\/\/www.jorf.se\/index.php?rest_route=%2Fwp%2Fv2%2Fmedia&parent=4101"}],"wp:term":[{"taxonomy":"category","embeddable":true,"href":"https:\/\/www.jorf.se\/index.php?rest_route=%2Fwp%2Fv2%2Fcategories&post=4101"},{"taxonomy":"post_tag","embeddable":true,"href":"https:\/\/www.jorf.se\/index.php?rest_route=%2Fwp%2Fv2%2Ftags&post=4101"}],"curies":[{"name":"wp","href":"https:\/\/api.w.org\/{rel}","templated":true}]}}