{"id":4084,"date":"2024-09-12T19:53:49","date_gmt":"2024-09-12T17:53:49","guid":{"rendered":"https:\/\/www.jorf.se\/?p=4084"},"modified":"2024-09-21T14:30:36","modified_gmt":"2024-09-21T12:30:36","slug":"allemansratten-dag-20-9","status":"publish","type":"post","link":"https:\/\/www.jorf.se\/?p=4084","title":{"rendered":"Allemansr\u00e4ttens dag 20\/9"},"content":{"rendered":"\n<figure class=\"wp-block-image size-large is-resized\"><a href=\"https:\/\/www.jorf.se\/wp-content\/uploads\/2024\/09\/brushanar-o-svartsnappa.jpg\"><img loading=\"lazy\" decoding=\"async\" width=\"1024\" height=\"791\" src=\"https:\/\/www.jorf.se\/wp-content\/uploads\/2024\/09\/brushanar-o-svartsnappa-1024x791.jpg\" alt=\"\" class=\"wp-image-4088\" style=\"width:840px;height:auto\" srcset=\"https:\/\/www.jorf.se\/wp-content\/uploads\/2024\/09\/brushanar-o-svartsnappa-1024x791.jpg 1024w, https:\/\/www.jorf.se\/wp-content\/uploads\/2024\/09\/brushanar-o-svartsnappa-300x232.jpg 300w, https:\/\/www.jorf.se\/wp-content\/uploads\/2024\/09\/brushanar-o-svartsnappa-768x593.jpg 768w, https:\/\/www.jorf.se\/wp-content\/uploads\/2024\/09\/brushanar-o-svartsnappa-1536x1186.jpg 1536w, https:\/\/www.jorf.se\/wp-content\/uploads\/2024\/09\/brushanar-o-svartsnappa-2048x1581.jpg 2048w\" sizes=\"(max-width: 1024px) 100vw, 1024px\" \/><\/a><figcaption class=\"wp-element-caption\">Rastande vadare vid Tysj\u00f6arna Foto: Ulla Falkdalen<\/figcaption><\/figure>\n\n\n\n<p>F\u00f6r att uppm\u00e4rksamma Allemansr\u00e4ttens dag tar vi en kv\u00e4ll vid Tysj\u00f6arna. K\u00e4nn\u00e5sen.  Vi tittar p\u00e5 f\u00e5glar, grillar och pratar. Sam\u00e5kning fr\u00e5n Travparkeringen kl 16.45. Man kan naturligtvis \u00e5ka raka v\u00e4gen till K\u00e4nn\u00e5senparkeringen vid norra Tysj\u00f6n, om man vill. <\/p>\n\n\n\n<p>Alla v\u00e4lkomna!<\/p>\n\n\n\n<p>Anm\u00e4lan till Elisabeth Marklund 076-0394992 <a href=\"mailto:s.m.elisabeth.marklund@gmail.com\" target=\"_blank\" rel=\"noreferrer noopener\">s.m.elisabeth.marklund (at) gmail.com<\/a><\/p>\n\n\n\n<blockquote class=\"wp-block-quote\">\n<blockquote class=\"wp-block-quote\">\n<p><\/p>\n<\/blockquote>\n<\/blockquote>\n\n\n\n<p><strong>Rapport fr\u00e5n Allemansr\u00e4ttens dag 20 sep 2024 vid Tysj\u00f6arna<\/strong><\/p>\n\n\n\n<p>\u00a0P\u00e5 sommarens sista suck drog vi ut f\u00f6r att fira Allemansr\u00e4ttens dag vid norra Tysj\u00f6n.<br>Fem glada deltagare fick se ett stort antal soth\u00f6ns ligga p\u00e5 sj\u00f6n tillsammans med brunand, vigg, gr\u00e4sand och gr\u00e5g\u00e4ss. S\u00e5ngsvansfamiljen med tv\u00e5 vuxna och tre unga var \u00e4nnu kvar . Bj\u00f6rktrastar fl\u00f6g f\u00f6rbi, bl\u00e5mesen och st\u00f6rre hackspetten l\u00e4t h\u00f6ra av sig . Gluttsn\u00e4pporna gick runt i strandkanten p\u00e5 s\u00f6dra sidan. Dagens finaste bes\u00f6k var en bergand.<br>Medan solen gick ner grillade vi korv och myste vid elden. N\u00f6jda med dagen och v\u00e5r fina natur traskade vi hem\u00e5t.<br>Text och bilder: Elisabeth Marklund<\/p>\n\n\n\n<figure class=\"wp-block-gallery has-nested-images columns-default is-cropped wp-block-gallery-1 is-layout-flex wp-block-gallery-is-layout-flex\">\n<figure class=\"wp-block-image size-large\"><a href=\"https:\/\/www.jorf.se\/wp-content\/uploads\/2024\/09\/IMG_0581.jpg\"><img loading=\"lazy\" decoding=\"async\" width=\"640\" height=\"480\" data-id=\"4121\" src=\"https:\/\/www.jorf.se\/wp-content\/uploads\/2024\/09\/IMG_0581.jpg\" alt=\"\" class=\"wp-image-4121\" srcset=\"https:\/\/www.jorf.se\/wp-content\/uploads\/2024\/09\/IMG_0581.jpg 640w, https:\/\/www.jorf.se\/wp-content\/uploads\/2024\/09\/IMG_0581-300x225.jpg 300w\" sizes=\"(max-width: 640px) 100vw, 640px\" \/><\/a><\/figure>\n\n\n\n<figure class=\"wp-block-image size-large\"><a href=\"https:\/\/www.jorf.se\/wp-content\/uploads\/2024\/09\/IMG_0582-1.jpg\"><img loading=\"lazy\" decoding=\"async\" width=\"587\" height=\"425\" data-id=\"4118\" src=\"https:\/\/www.jorf.se\/wp-content\/uploads\/2024\/09\/IMG_0582-1.jpg\" alt=\"\" class=\"wp-image-4118\" srcset=\"https:\/\/www.jorf.se\/wp-content\/uploads\/2024\/09\/IMG_0582-1.jpg 587w, https:\/\/www.jorf.se\/wp-content\/uploads\/2024\/09\/IMG_0582-1-300x217.jpg 300w\" sizes=\"(max-width: 587px) 100vw, 587px\" \/><\/a><\/figure>\n\n\n\n<figure class=\"wp-block-image size-large\"><a href=\"https:\/\/www.jorf.se\/wp-content\/uploads\/2024\/09\/IMG_0583_cr.jpg\"><img loading=\"lazy\" decoding=\"async\" width=\"573\" height=\"422\" data-id=\"4119\" src=\"https:\/\/www.jorf.se\/wp-content\/uploads\/2024\/09\/IMG_0583_cr.jpg\" alt=\"\" class=\"wp-image-4119\" srcset=\"https:\/\/www.jorf.se\/wp-content\/uploads\/2024\/09\/IMG_0583_cr.jpg 573w, https:\/\/www.jorf.se\/wp-content\/uploads\/2024\/09\/IMG_0583_cr-300x221.jpg 300w\" sizes=\"(max-width: 573px) 100vw, 573px\" \/><\/a><\/figure>\n\n\n\n<figure class=\"wp-block-image size-large\"><a href=\"https:\/\/www.jorf.se\/wp-content\/uploads\/2024\/09\/IMG_0584.jpg\"><img loading=\"lazy\" decoding=\"async\" width=\"640\" height=\"480\" data-id=\"4120\" src=\"https:\/\/www.jorf.se\/wp-content\/uploads\/2024\/09\/IMG_0584.jpg\" alt=\"\" class=\"wp-image-4120\" srcset=\"https:\/\/www.jorf.se\/wp-content\/uploads\/2024\/09\/IMG_0584.jpg 640w, https:\/\/www.jorf.se\/wp-content\/uploads\/2024\/09\/IMG_0584-300x225.jpg 300w\" sizes=\"(max-width: 640px) 100vw, 640px\" \/><\/a><\/figure>\n<\/figure>\n","protected":false},"excerpt":{"rendered":"<p>F\u00f6r att uppm\u00e4rksamma Allemansr\u00e4ttens dag tar vi en kv\u00e4ll vid Tysj\u00f6arna. K\u00e4nn\u00e5sen. Vi tittar p\u00e5 f\u00e5glar, grillar och pratar. Sam\u00e5kning fr\u00e5n Travparkeringen kl 16.45. Man kan naturligtvis \u00e5ka raka v\u00e4gen till K\u00e4nn\u00e5senparkeringen vid norra Tysj\u00f6n, om man vill. Alla v\u00e4lkomna! Anm\u00e4lan till Elisabeth Marklund 076-0394992 s.m.elisabeth.marklund (at) gmail.com Rapport fr\u00e5n Allemansr\u00e4ttens dag 20 sep 2024 [&hellip;]<\/p>\n","protected":false},"author":3,"featured_media":0,"comment_status":"open","ping_status":"open","sticky":false,"template":"","format":"standard","meta":{"footnotes":""},"categories":[1],"tags":[],"_links":{"self":[{"href":"https:\/\/www.jorf.se\/index.php?rest_route=\/wp\/v2\/posts\/4084"}],"collection":[{"href":"https:\/\/www.jorf.se\/index.php?rest_route=\/wp\/v2\/posts"}],"about":[{"href":"https:\/\/www.jorf.se\/index.php?rest_route=\/wp\/v2\/types\/post"}],"author":[{"embeddable":true,"href":"https:\/\/www.jorf.se\/index.php?rest_route=\/wp\/v2\/users\/3"}],"replies":[{"embeddable":true,"href":"https:\/\/www.jorf.se\/index.php?rest_route=%2Fwp%2Fv2%2Fcomments&post=4084"}],"version-history":[{"count":9,"href":"https:\/\/www.jorf.se\/index.php?rest_route=\/wp\/v2\/posts\/4084\/revisions"}],"predecessor-version":[{"id":4123,"href":"https:\/\/www.jorf.se\/index.php?rest_route=\/wp\/v2\/posts\/4084\/revisions\/4123"}],"wp:attachment":[{"href":"https:\/\/www.jorf.se\/index.php?rest_route=%2Fwp%2Fv2%2Fmedia&parent=4084"}],"wp:term":[{"taxonomy":"category","embeddable":true,"href":"https:\/\/www.jorf.se\/index.php?rest_route=%2Fwp%2Fv2%2Fcategories&post=4084"},{"taxonomy":"post_tag","embeddable":true,"href":"https:\/\/www.jorf.se\/index.php?rest_route=%2Fwp%2Fv2%2Ftags&post=4084"}],"curies":[{"name":"wp","href":"https:\/\/api.w.org\/{rel}","templated":true}]}}