{"id":3886,"date":"2024-02-27T15:16:27","date_gmt":"2024-02-27T14:16:27","guid":{"rendered":"https:\/\/www.jorf.se\/?p=3886"},"modified":"2024-03-08T16:17:53","modified_gmt":"2024-03-08T15:17:53","slug":"hedersledamot-i-jorf","status":"publish","type":"post","link":"https:\/\/www.jorf.se\/?p=3886","title":{"rendered":"Hedersledamot i JORF"},"content":{"rendered":"\n<p>P\u00e5 JORF:s \u00e5rsm\u00f6te uts\u00e5gs den avg\u00e5ende styrelseledamoten Staffan \u00c5str\u00f6m till hedersledamot vilket f\u00f6rutom \u00e4ran inneb\u00e4r st\u00e4ndigt medlemsskap i f\u00f6reningen! Staffan har gjort mycket stora insatser f\u00f6r JORF. Han har suttit i styrelsen sedan slutet av 1980-talet och varit kass\u00f6r sedan mitten av 1990-talet. Staffan har ocks\u00e5 varit redakt\u00f6r f\u00f6r v\u00e5r tidning F\u00e5glar i J\u00e4mtland-H\u00e4rjedalen under n\u00e5gra \u00e5r. Dessutom \u00e4r han en h\u00e4ngiven f\u00e5gelinventerare som deltar i Svensk F\u00e5geltaxerings olika inventeringar sedan m\u00e5nga \u00e5r tillbaka. Tusen tack Staffan!<\/p>\n\n\n\n<figure class=\"wp-block-image size-full is-resized\"><a href=\"https:\/\/www.jorf.se\/wp-content\/uploads\/2024\/02\/diplom-SA.jpg\"><img loading=\"lazy\" decoding=\"async\" width=\"650\" height=\"886\" src=\"https:\/\/www.jorf.se\/wp-content\/uploads\/2024\/02\/diplom-SA.jpg\" alt=\"\" class=\"wp-image-3887\" style=\"width:502px;height:auto\" srcset=\"https:\/\/www.jorf.se\/wp-content\/uploads\/2024\/02\/diplom-SA.jpg 650w, https:\/\/www.jorf.se\/wp-content\/uploads\/2024\/02\/diplom-SA-220x300.jpg 220w\" sizes=\"(max-width: 650px) 100vw, 650px\" \/><\/a><\/figure>\n\n\n\n<figure class=\"wp-block-image size-full is-resized\"><a href=\"https:\/\/www.jorf.se\/wp-content\/uploads\/2024\/02\/Staffan-_diplom_final_3.jpg\"><img loading=\"lazy\" decoding=\"async\" width=\"277\" height=\"263\" src=\"https:\/\/www.jorf.se\/wp-content\/uploads\/2024\/02\/Staffan-_diplom_final_3.jpg\" alt=\"JORF:s ord\u00f6rande Ulla Falkdalen \u00f6verr\u00e4cker diplomet till Staffan \u00c5str\u00f6m. Foto: Danie Hedenbo\" class=\"wp-image-3888\" style=\"width:436px;height:auto\"\/><\/a><figcaption class=\"wp-element-caption\">JORF:s ordf\u00f6rande \u00f6verr\u00e4cker diplomet. Foto: Daniel Hedenbo<\/figcaption><\/figure>\n","protected":false},"excerpt":{"rendered":"<p>P\u00e5 JORF:s \u00e5rsm\u00f6te uts\u00e5gs den avg\u00e5ende styrelseledamoten Staffan \u00c5str\u00f6m till hedersledamot vilket f\u00f6rutom \u00e4ran inneb\u00e4r st\u00e4ndigt medlemsskap i f\u00f6reningen! Staffan har gjort mycket stora insatser f\u00f6r JORF. Han har suttit i styrelsen sedan slutet av 1980-talet och varit kass\u00f6r sedan mitten av 1990-talet. Staffan har ocks\u00e5 varit redakt\u00f6r f\u00f6r v\u00e5r tidning F\u00e5glar i J\u00e4mtland-H\u00e4rjedalen under [&hellip;]<\/p>\n","protected":false},"author":3,"featured_media":0,"comment_status":"open","ping_status":"open","sticky":false,"template":"","format":"standard","meta":{"footnotes":""},"categories":[20],"tags":[],"_links":{"self":[{"href":"https:\/\/www.jorf.se\/index.php?rest_route=\/wp\/v2\/posts\/3886"}],"collection":[{"href":"https:\/\/www.jorf.se\/index.php?rest_route=\/wp\/v2\/posts"}],"about":[{"href":"https:\/\/www.jorf.se\/index.php?rest_route=\/wp\/v2\/types\/post"}],"author":[{"embeddable":true,"href":"https:\/\/www.jorf.se\/index.php?rest_route=\/wp\/v2\/users\/3"}],"replies":[{"embeddable":true,"href":"https:\/\/www.jorf.se\/index.php?rest_route=%2Fwp%2Fv2%2Fcomments&post=3886"}],"version-history":[{"count":5,"href":"https:\/\/www.jorf.se\/index.php?rest_route=\/wp\/v2\/posts\/3886\/revisions"}],"predecessor-version":[{"id":3901,"href":"https:\/\/www.jorf.se\/index.php?rest_route=\/wp\/v2\/posts\/3886\/revisions\/3901"}],"wp:attachment":[{"href":"https:\/\/www.jorf.se\/index.php?rest_route=%2Fwp%2Fv2%2Fmedia&parent=3886"}],"wp:term":[{"taxonomy":"category","embeddable":true,"href":"https:\/\/www.jorf.se\/index.php?rest_route=%2Fwp%2Fv2%2Fcategories&post=3886"},{"taxonomy":"post_tag","embeddable":true,"href":"https:\/\/www.jorf.se\/index.php?rest_route=%2Fwp%2Fv2%2Ftags&post=3886"}],"curies":[{"name":"wp","href":"https:\/\/api.w.org\/{rel}","templated":true}]}}