{"id":3871,"date":"2024-02-26T11:42:38","date_gmt":"2024-02-26T10:42:38","guid":{"rendered":"https:\/\/www.jorf.se\/?p=3871"},"modified":"2024-02-27T16:38:36","modified_gmt":"2024-02-27T15:38:36","slug":"referat-fjallen-faglar","status":"publish","type":"post","link":"https:\/\/www.jorf.se\/?p=3871","title":{"rendered":"Fj\u00e4llens f\u00e5glar med Martin Green"},"content":{"rendered":"\n<p>Referat av Daniel Hedenbo<\/p>\n\n\n\n<p>I samband med JORF:s \u00e5rsm\u00f6te den 10 februari h\u00f6ll Martin Green ett f\u00f6redrag p\u00e5 temat<br>Fj\u00e4llens f\u00e5glar. Martin arbetar p\u00e5 Lunds universitet och \u00e4r en av de ansvariga f\u00f6r Svensk<br>f\u00e5geltaxering, som driver ett flertal nationella milj\u00f6\u00f6vervaknings- och inventeringsprogram.<br>Dessa program har p\u00e5g\u00e5tt under flera decennier med syfte utl\u00e4sa populationstrender f\u00f6r<br>olika arter. I fj\u00e4llen finns det ett bra statistikunderlag fr\u00e5n de senaste 20 \u00e5ren.<br>Martins f\u00f6redrag h\u00f6ll sig huvudsakligen runt 34 arter d\u00e4r minst 70 % av den svenska<br>populationen finns i fj\u00e4llv\u00e4rlden. F\u00f6rutom nationella trender s\u00e5 visade Martin ocks\u00e5 regionala<br>trender genom anv\u00e4ndning av data fr\u00e5n de nationella standardrutterna och \u00c5nnsj\u00f6ns<br>f\u00e5gelstations fj\u00e4llf\u00e5gelrutter. Martin gjorde ocks\u00e5 j\u00e4mf\u00f6relser med LUVRE-projektet i<br>Ammarn\u00e4s d\u00e4r det har genomf\u00f6rts omfattande fj\u00e4llinventeringar i \u00f6ver 60 \u00e5r.<br>Nationellt sett visar trenderna f\u00f6r de 34 arterna att 29 % har \u00f6kat, 27 % minskat och 44 %<br>inte haft n\u00e5gon tydlig trend de senaste 10 \u00e5ren. F\u00f6r 20 \u00e5r \u00e4r f\u00f6rdelningen j\u00e4mn \u00f6ver de tre<br>kategorierna. Regionalt \u00e4r trenderna ganska likartade men det mindre statistikunderlaget g\u00f6r<br>det sv\u00e5rare att utl\u00e4sa tydliga trender. Inom LUVRE har 46 % av arterna \u00f6kat i antal de<br>senaste 50 \u00e5ren! Sammantaget har fj\u00e4llens arter klarat sig r\u00e4tt bra, \u00e4ven om det naturligtvis<br>finns arter som utg\u00f6r undantag. Vissa arter fluktuerar kraftigt mellan olika \u00e5r men har en<br>stabil trend \u00f6ver tid. Ett exempel \u00e4r riporna d\u00e4r jakttryck och m\u00e4ngden rovdjur \u00e4r exempel p\u00e5<br>indirekta faktorer som kan p\u00e5verka populationsstorleken enstaka \u00e5r. Men den enligt forskning<br>mest betydande faktorn \u00e4r v\u00e4derleken under perioden n\u00e4r kycklingarna \u00e4r sm\u00e5.<br>Martin ber\u00f6rde \u00e4ven framtiden f\u00f6r fj\u00e4llens f\u00e5glar och vilka potentiella hot som finns.<br>Fj\u00e4llv\u00e4rlden \u00e4r fortfarande kanske den minst exploaterade milj\u00f6n i Sverige. Fr\u00e5gor om<br>renbete, turisttryck och gruvdrift \u00e4r exempel p\u00e5 aspekter som kan p\u00e5verka fj\u00e4llens f\u00e5glar p\u00e5<br>sikt. Klimatf\u00f6r\u00e4ndringar skapar ocks\u00e5 skillnader i fj\u00e4llmilj\u00f6erna \u00e4ven om det g\u00e5r l\u00e5ngsamt.<br>Martin ber\u00e4ttade \u00e4ven mer ing\u00e5ende om Svensk f\u00e5geltaxerings arbete och uppmanade fler att bli inventerare i J\u00e4mtland. Olika inventeringsformer inneb\u00e4r olika stor arbetsinsats och<br>tids\u00e5tg\u00e5ng. Allt fr\u00e5n st\u00f6rre delen av en dag till 10-15 minuter. I vissa fall kan ers\u00e4ttning utg\u00e5<br>\u00e4ven om det har minskat p\u00e5 senare \u00e5r i och med minskade budgetmedel. Mer g\u00e5r att l\u00e4sa p\u00e5<br>svensk f\u00e5geltaxerings hemsida: https:\/\/www.fageltaxering.lu.se\/<\/p>\n\n\n\n<figure class=\"wp-block-image size-large is-resized\"><a href=\"https:\/\/www.jorf.se\/wp-content\/uploads\/2024\/02\/20240210_134525-1-scaled.jpg\"><img loading=\"lazy\" decoding=\"async\" width=\"952\" height=\"1024\" src=\"https:\/\/www.jorf.se\/wp-content\/uploads\/2024\/02\/20240210_134525-1-952x1024.jpg\" alt=\"\" class=\"wp-image-3878\" style=\"width:517px;height:auto\" srcset=\"https:\/\/www.jorf.se\/wp-content\/uploads\/2024\/02\/20240210_134525-1-952x1024.jpg 952w, https:\/\/www.jorf.se\/wp-content\/uploads\/2024\/02\/20240210_134525-1-279x300.jpg 279w, https:\/\/www.jorf.se\/wp-content\/uploads\/2024\/02\/20240210_134525-1-768x826.jpg 768w, https:\/\/www.jorf.se\/wp-content\/uploads\/2024\/02\/20240210_134525-1-1428x1536.jpg 1428w, https:\/\/www.jorf.se\/wp-content\/uploads\/2024\/02\/20240210_134525-1-1904x2048.jpg 1904w\" sizes=\"(max-width: 952px) 100vw, 952px\" \/><\/a><figcaption class=\"wp-element-caption\">Martin Green visar fj\u00e4llf\u00e5glarnas populationsvariationer. Foto:Ulla Falkdalen<\/figcaption><\/figure>\n\n\n\n<figure class=\"wp-block-image size-large is-resized\"><a href=\"https:\/\/www.jorf.se\/wp-content\/uploads\/2024\/02\/20240210_141820-1-scaled.jpg\"><img loading=\"lazy\" decoding=\"async\" width=\"1024\" height=\"717\" src=\"https:\/\/www.jorf.se\/wp-content\/uploads\/2024\/02\/20240210_141820-1-1024x717.jpg\" alt=\"\" class=\"wp-image-3879\" style=\"width:629px;height:auto\" srcset=\"https:\/\/www.jorf.se\/wp-content\/uploads\/2024\/02\/20240210_141820-1-1024x717.jpg 1024w, https:\/\/www.jorf.se\/wp-content\/uploads\/2024\/02\/20240210_141820-1-300x210.jpg 300w, https:\/\/www.jorf.se\/wp-content\/uploads\/2024\/02\/20240210_141820-1-768x538.jpg 768w, https:\/\/www.jorf.se\/wp-content\/uploads\/2024\/02\/20240210_141820-1-1536x1076.jpg 1536w, https:\/\/www.jorf.se\/wp-content\/uploads\/2024\/02\/20240210_141820-1-2048x1435.jpg 2048w\" sizes=\"(max-width: 1024px) 100vw, 1024px\" \/><\/a><figcaption class=\"wp-element-caption\">Martin Green uppmanade fler att bli inventerare i J\u00e4mtland. Foto: Ulla Falkdalen<\/figcaption><\/figure>\n\n\n\n<figure class=\"wp-block-image size-large\"><a href=\"https:\/\/www.jorf.se\/wp-content\/uploads\/2024\/02\/publiken_Martin_Green-scaled.jpg\"><img loading=\"lazy\" decoding=\"async\" width=\"1024\" height=\"589\" src=\"https:\/\/www.jorf.se\/wp-content\/uploads\/2024\/02\/publiken_Martin_Green-1024x589.jpg\" alt=\"\" class=\"wp-image-3882\" srcset=\"https:\/\/www.jorf.se\/wp-content\/uploads\/2024\/02\/publiken_Martin_Green-1024x589.jpg 1024w, https:\/\/www.jorf.se\/wp-content\/uploads\/2024\/02\/publiken_Martin_Green-300x173.jpg 300w, https:\/\/www.jorf.se\/wp-content\/uploads\/2024\/02\/publiken_Martin_Green-768x442.jpg 768w, https:\/\/www.jorf.se\/wp-content\/uploads\/2024\/02\/publiken_Martin_Green-1536x884.jpg 1536w, https:\/\/www.jorf.se\/wp-content\/uploads\/2024\/02\/publiken_Martin_Green-2048x1178.jpg 2048w\" sizes=\"(max-width: 1024px) 100vw, 1024px\" \/><\/a><figcaption class=\"wp-element-caption\">En mycket intresserad publik. Foto: Ingvar Alkemar<\/figcaption><\/figure>\n","protected":false},"excerpt":{"rendered":"<p>Referat av Daniel Hedenbo I samband med JORF:s \u00e5rsm\u00f6te den 10 februari h\u00f6ll Martin Green ett f\u00f6redrag p\u00e5 tematFj\u00e4llens f\u00e5glar. Martin arbetar p\u00e5 Lunds universitet och \u00e4r en av de ansvariga f\u00f6r Svenskf\u00e5geltaxering, som driver ett flertal nationella milj\u00f6\u00f6vervaknings- och inventeringsprogram.Dessa program har p\u00e5g\u00e5tt under flera decennier med syfte utl\u00e4sa populationstrender f\u00f6rolika arter. I fj\u00e4llen [&hellip;]<\/p>\n","protected":false},"author":3,"featured_media":0,"comment_status":"open","ping_status":"open","sticky":false,"template":"","format":"standard","meta":{"footnotes":""},"categories":[32],"tags":[],"_links":{"self":[{"href":"https:\/\/www.jorf.se\/index.php?rest_route=\/wp\/v2\/posts\/3871"}],"collection":[{"href":"https:\/\/www.jorf.se\/index.php?rest_route=\/wp\/v2\/posts"}],"about":[{"href":"https:\/\/www.jorf.se\/index.php?rest_route=\/wp\/v2\/types\/post"}],"author":[{"embeddable":true,"href":"https:\/\/www.jorf.se\/index.php?rest_route=\/wp\/v2\/users\/3"}],"replies":[{"embeddable":true,"href":"https:\/\/www.jorf.se\/index.php?rest_route=%2Fwp%2Fv2%2Fcomments&post=3871"}],"version-history":[{"count":12,"href":"https:\/\/www.jorf.se\/index.php?rest_route=\/wp\/v2\/posts\/3871\/revisions"}],"predecessor-version":[{"id":3907,"href":"https:\/\/www.jorf.se\/index.php?rest_route=\/wp\/v2\/posts\/3871\/revisions\/3907"}],"wp:attachment":[{"href":"https:\/\/www.jorf.se\/index.php?rest_route=%2Fwp%2Fv2%2Fmedia&parent=3871"}],"wp:term":[{"taxonomy":"category","embeddable":true,"href":"https:\/\/www.jorf.se\/index.php?rest_route=%2Fwp%2Fv2%2Fcategories&post=3871"},{"taxonomy":"post_tag","embeddable":true,"href":"https:\/\/www.jorf.se\/index.php?rest_route=%2Fwp%2Fv2%2Ftags&post=3871"}],"curies":[{"name":"wp","href":"https:\/\/api.w.org\/{rel}","templated":true}]}}