{"id":3846,"date":"2024-01-28T20:38:38","date_gmt":"2024-01-28T19:38:38","guid":{"rendered":"https:\/\/www.jorf.se\/?p=3846"},"modified":"2024-01-28T20:38:38","modified_gmt":"2024-01-28T19:38:38","slug":"kallelse-till-arsmote-i-jamtlands-lans-ornitologiska-forening","status":"publish","type":"post","link":"https:\/\/www.jorf.se\/?p=3846","title":{"rendered":"Kallelse till \u00e5rsm\u00f6te i J\u00e4mtlands l\u00e4ns ornitologiska f\u00f6rening"},"content":{"rendered":"\n<p><\/p>\n\n\n\n<p><br><strong>L\u00f6rdagen 10 februari 2024 kl 13-16 p\u00e5 \u00d6stersunds bibliotek<\/strong><br>M\u00f6tet inleds med ett f\u00f6redrag av Martin Green, Svensk F\u00e5geltaxering, Lunds universitet<br>\u201dHur g\u00e5r det f\u00f6r fj\u00e4llens f\u00e5glar?\u201d<br>D\u00e4refter f\u00f6ljer \u00e5rsm\u00f6tesf\u00f6rhandlingar. \u00c5rsm\u00f6tet startar omkring kl 15<br><strong>Dagordning<\/strong><br>1) Val av ordf\u00f6rande f\u00f6r m\u00f6tet<br>1) Val av sekreterare f\u00f6r m\u00f6tet<br>2) Val av tv\u00e5 justeringsm\u00e4n<br>3) Fr\u00e5ga om kallelse<br>4) Fr\u00e5ga om dagordningen<br>5) Styrelsens \u00e5rsber\u00e4ttelse och redovisning av r\u00e4kenskaper f\u00f6r verksamhets\u00e5ret 2023<br>6) Revisionsber\u00e4ttelse<br>7) Fr\u00e5ga om ansvarsfrihet f\u00f6r styrelsen<br>8) Val av ordf\u00f6rande och ledam\u00f6ter i styrelsen<br>9) Val av revisorer  <br>10) F\u00f6rslag till verksamhetsplan och budget<br>11) Best\u00e4mmande av \u00e5rsavgift. Styrelsen f\u00f6resl\u00e5r h\u00f6jning fr\u00e5n 180 till 200 kr per \u00e5r.<br>12) \u00c4renden som styrelsen f\u00f6rel\u00e4gger \u00e5rsm\u00f6tet<br>13) Skriftliga motioner som kommit styrelsen tillhanda minst en m\u00e5nad f\u00f6re \u00e5rsm\u00f6tet<br>14) \u00d6vrigt av medlem framst\u00e4llt f\u00f6rslag som styrelsen tagit st\u00e4llning till<br>15) \u00d6vriga fr\u00e5gor<\/p>\n\n\n\n<p>Styrelsen\/Ulla Falkdalen ordf<\/p>\n","protected":false},"excerpt":{"rendered":"<p>L\u00f6rdagen 10 februari 2024 kl 13-16 p\u00e5 \u00d6stersunds bibliotekM\u00f6tet inleds med ett f\u00f6redrag av Martin Green, Svensk F\u00e5geltaxering, Lunds universitet\u201dHur g\u00e5r det f\u00f6r fj\u00e4llens f\u00e5glar?\u201dD\u00e4refter f\u00f6ljer \u00e5rsm\u00f6tesf\u00f6rhandlingar. \u00c5rsm\u00f6tet startar omkring kl 15Dagordning1) Val av ordf\u00f6rande f\u00f6r m\u00f6tet1) Val av sekreterare f\u00f6r m\u00f6tet2) Val av tv\u00e5 justeringsm\u00e4n3) Fr\u00e5ga om kallelse4) Fr\u00e5ga om dagordningen5) Styrelsens \u00e5rsber\u00e4ttelse och [&hellip;]<\/p>\n","protected":false},"author":3,"featured_media":0,"comment_status":"open","ping_status":"open","sticky":false,"template":"","format":"standard","meta":{"footnotes":""},"categories":[1],"tags":[],"_links":{"self":[{"href":"https:\/\/www.jorf.se\/index.php?rest_route=\/wp\/v2\/posts\/3846"}],"collection":[{"href":"https:\/\/www.jorf.se\/index.php?rest_route=\/wp\/v2\/posts"}],"about":[{"href":"https:\/\/www.jorf.se\/index.php?rest_route=\/wp\/v2\/types\/post"}],"author":[{"embeddable":true,"href":"https:\/\/www.jorf.se\/index.php?rest_route=\/wp\/v2\/users\/3"}],"replies":[{"embeddable":true,"href":"https:\/\/www.jorf.se\/index.php?rest_route=%2Fwp%2Fv2%2Fcomments&post=3846"}],"version-history":[{"count":1,"href":"https:\/\/www.jorf.se\/index.php?rest_route=\/wp\/v2\/posts\/3846\/revisions"}],"predecessor-version":[{"id":3847,"href":"https:\/\/www.jorf.se\/index.php?rest_route=\/wp\/v2\/posts\/3846\/revisions\/3847"}],"wp:attachment":[{"href":"https:\/\/www.jorf.se\/index.php?rest_route=%2Fwp%2Fv2%2Fmedia&parent=3846"}],"wp:term":[{"taxonomy":"category","embeddable":true,"href":"https:\/\/www.jorf.se\/index.php?rest_route=%2Fwp%2Fv2%2Fcategories&post=3846"},{"taxonomy":"post_tag","embeddable":true,"href":"https:\/\/www.jorf.se\/index.php?rest_route=%2Fwp%2Fv2%2Ftags&post=3846"}],"curies":[{"name":"wp","href":"https:\/\/api.w.org\/{rel}","templated":true}]}}