{"id":3740,"date":"2023-09-09T21:23:34","date_gmt":"2023-09-09T19:23:34","guid":{"rendered":"https:\/\/www.jorf.se\/?p=3740"},"modified":"2023-09-14T11:37:48","modified_gmt":"2023-09-14T09:37:48","slug":"hostprogram-2023","status":"publish","type":"post","link":"https:\/\/www.jorf.se\/?p=3740","title":{"rendered":"H\u00f6stprogram 2023"},"content":{"rendered":"\n<p><strong>Euro Birdwatch 30 september \u2013 1 oktober<\/strong><\/p>\n\n\n\n<p>Plats: Buskmarkerna s\u00f6der om flygplatsen, Fr\u00f6s\u00f6n.<\/p>\n\n\n\n<p>Tid: l\u00f6rdag, 30 september, 07.30-12.30<\/p>\n\n\n\n<p>Euro Birdwatch \u00e4r ett internationellt f\u00e5gelevenemang som \u00e4ger rum varje h\u00f6st. Syftet \u00e4r att uppm\u00e4rksamma f\u00e5glarnas h\u00f6stflyttning. JORF kommer att st\u00e5 s\u00f6der om flygplatsen p\u00e5 Fr\u00f6s\u00f6n under l\u00f6rdagen och spana efter vilka f\u00e5glar som r\u00f6r sig i omr\u00e5det. Men det g\u00e5r lika bra att delta genom att sk\u00e5da var som helst, n\u00e4r som helst under helgen.<\/p>\n\n\n\n<p>Kartn\u00e5l till spaningsplatsen: <a href=\"https:\/\/minkarta.lantmateriet.se\/plats\/3006\/v1.0\/?e=476548&amp;n=7006393&amp;z=12&amp;mapprofile=karta&amp;name=Markerad%20plats&amp;category=Okategoriserad\">https:\/\/minkarta.lantmateriet.se\/plats\/3006\/v1.0\/?e=476548&amp;n=7006393&amp;z=12&amp;mapprofile=karta&amp;name=Markerad%20plats&amp;category=Okategoriserad<\/a><\/p>\n\n\n\n<p>Parkeringen sker l\u00e4mpligen p\u00e5 den fyrkantiga asfaltsytan sydost om, alternativt den som finns l\u00e4ngre norrut mot flygplatsen. OBS! F\u00f6rbjudet att parkera l\u00e4ngs infartsv\u00e4garna till flygf\u00e4ltet! Undvik ocks\u00e5 att g\u00e5 l\u00e4ngs staketet till flygplatsen utan f\u00f6lj hellre v\u00e4gen vid behov.<\/p>\n\n\n\n<p>Kontaktperson: Daniel Hedenbo 070-365 72 62, daniel.hedenbo (at) telia.com<\/p>\n\n\n\n<p>Mer information finns p\u00e5 BirdLife Sveriges hemsida: https:\/\/birdlife.se\/fagelintresse\/arliga-evenemang\/eurobirdwatch\/<\/p>\n\n\n\n<p><strong>H\u00f6stm\u00f6te l\u00f6rdag den 11 november<\/strong><\/p>\n\n\n\n<p>Plats: Samlingssalen, \u00d6stersunds bibliotek<\/p>\n\n\n\n<p>Tid 13.00-16.00<\/p>\n\n\n\n<p>Peter Berglund h\u00e5ller f\u00f6redrag med titeln: Hur g\u00e5r det f\u00f6r f\u00e5glarna i skogen? En intressant bild- och ljudupplevelse av f\u00e5gellivet i skogen. Peter Berglund ber\u00e4ttar ocks\u00e5 om inventering och f\u00e5glarnas populationsutveckling i Mellannorrland.<\/p>\n\n\n\n<p>I samarbete med Naturskyddsf\u00f6reningen och Studiefr\u00e4mjandet.<\/p>\n\n\n\n<p>Se mer i separat annonsering.<\/p>\n\n\n\n<p>Anm\u00e4l deltagande till info(at)jorf.se<\/p>\n\n\n\n<p><strong>Artrally l\u00f6rdag den 18 november<\/strong><\/p>\n\n\n\n<p>Plats: Var som helst inom J\u00e4mtlands l\u00e4n. \u00c5k runt n\u00e5gonstans i J\u00e4mtland-H\u00e4rjedalen eller sk\u00e5da i hemmamarkerna!<\/p>\n\n\n\n<p>Tid: 06.00 \u2013 18.00<\/p>\n\n\n\n<p>Se eller lyssna efter s\u00e5 m\u00e5nga f\u00e5gelarter som m\u00f6jligt.<\/p>\n\n\n\n<p>Regler: Varje lag f\u00e5r best\u00e5 av 2 \u2013 3 personer som alla ska sett eller h\u00f6rt den f\u00e5gel som man r\u00e4knar in.<\/p>\n\n\n\n<p>Lagen anm\u00e4ler sig senast fredag den 17 november till Christer P\u00e5lsson 070-6485970 eller till mailadress chrpal56 (at) gmail.com . Meddela resultaten till Christer P\u00e5lsson efter att artrallyt \u00e4r slut.<\/p>\n\n\n\n<p><strong>Julm\u00f6te torsdag den 7 december, klockan 18.00<\/strong><\/p>\n\n\n\n<p>Plats: M\u00f6tesplats Pr\u00e4stgatan 58, \u00d6stersund<\/p>\n\n\n\n<p>Bildvisning och redovisning av JORF:s fotot\u00e4vling samt artrallyt. Fika med stut med ost\/skinka, gl\u00f6gg, lussekatter, pepparkakor, te, kaffe och julmust. Allt till sj\u00e4lvkostnadspris, ca 100 kr. Kom och tr\u00e4ffa andra f\u00e5gelintresserade!  <\/p>\n\n\n\n<p>Anm\u00e4lan till Elisabeth Marklund, s.m.elisabeth.marklund (at) gmail.com, senast den 4 december.<\/p>\n","protected":false},"excerpt":{"rendered":"<p>Euro Birdwatch 30 september \u2013 1 oktober Plats: Buskmarkerna s\u00f6der om flygplatsen, Fr\u00f6s\u00f6n. Tid: l\u00f6rdag, 30 september, 07.30-12.30 Euro Birdwatch \u00e4r ett internationellt f\u00e5gelevenemang som \u00e4ger rum varje h\u00f6st. Syftet \u00e4r att uppm\u00e4rksamma f\u00e5glarnas h\u00f6stflyttning. JORF kommer att st\u00e5 s\u00f6der om flygplatsen p\u00e5 Fr\u00f6s\u00f6n under l\u00f6rdagen och spana efter vilka f\u00e5glar som r\u00f6r sig i [&hellip;]<\/p>\n","protected":false},"author":3,"featured_media":0,"comment_status":"open","ping_status":"open","sticky":false,"template":"","format":"standard","meta":{"footnotes":""},"categories":[1],"tags":[],"_links":{"self":[{"href":"https:\/\/www.jorf.se\/index.php?rest_route=\/wp\/v2\/posts\/3740"}],"collection":[{"href":"https:\/\/www.jorf.se\/index.php?rest_route=\/wp\/v2\/posts"}],"about":[{"href":"https:\/\/www.jorf.se\/index.php?rest_route=\/wp\/v2\/types\/post"}],"author":[{"embeddable":true,"href":"https:\/\/www.jorf.se\/index.php?rest_route=\/wp\/v2\/users\/3"}],"replies":[{"embeddable":true,"href":"https:\/\/www.jorf.se\/index.php?rest_route=%2Fwp%2Fv2%2Fcomments&post=3740"}],"version-history":[{"count":2,"href":"https:\/\/www.jorf.se\/index.php?rest_route=\/wp\/v2\/posts\/3740\/revisions"}],"predecessor-version":[{"id":3742,"href":"https:\/\/www.jorf.se\/index.php?rest_route=\/wp\/v2\/posts\/3740\/revisions\/3742"}],"wp:attachment":[{"href":"https:\/\/www.jorf.se\/index.php?rest_route=%2Fwp%2Fv2%2Fmedia&parent=3740"}],"wp:term":[{"taxonomy":"category","embeddable":true,"href":"https:\/\/www.jorf.se\/index.php?rest_route=%2Fwp%2Fv2%2Fcategories&post=3740"},{"taxonomy":"post_tag","embeddable":true,"href":"https:\/\/www.jorf.se\/index.php?rest_route=%2Fwp%2Fv2%2Ftags&post=3740"}],"curies":[{"name":"wp","href":"https:\/\/api.w.org\/{rel}","templated":true}]}}