{"id":3684,"date":"2023-05-29T10:11:26","date_gmt":"2023-05-29T08:11:26","guid":{"rendered":"https:\/\/www.jorf.se\/?p=3684"},"modified":"2023-05-29T10:11:26","modified_gmt":"2023-05-29T08:11:26","slug":"pressmeddelande-restaureringsforordningen-kan-vara-var-sista-chans","status":"publish","type":"post","link":"https:\/\/www.jorf.se\/?p=3684","title":{"rendered":"Pressmeddelande: Restaureringsf\u00f6rordningen kan vara v\u00e5r sista chans!"},"content":{"rendered":"\n<figure class=\"wp-block-image\"><img decoding=\"async\" src=\"https:\/\/cdn.birdlife.se\/wp-content\/uploads\/2023\/05\/daniel-bengtsson-1800x1200-foto-stina-rigback-1800x1080.jpg\" alt=\"Daniel Bengtsson, f\u00e5gelskyddsansvarig BirdLife Sverige. Foto: Stina Rigb\u00e4ck\"\/><\/figure>\n\n\n\n<p>Daniel Bengtsson, f\u00e5gelskyddsansvarig BirdLife Sverige. Foto: Stina Rigb\u00e4ck<\/p>\n\n\n\n<p>29 maj, 2023<\/p>\n\n\n\n<p>BirdLife Sverige och V\u00e4rldsnaturfonden WWF brukar inte st\u00e5 l\u00e4ngst fram vid barrikaderna med alarmistiska budskap, men desperata tider kr\u00e4ver desperata uttryck.<\/p>\n\n\n\n<p>Allt fler europ\u00e9er d\u00f6r p\u00e5 grund av hetta, br\u00e4nder och \u00f6versv\u00e4mningar och Europa kommer fram\u00f6ver att drabbas av sv\u00e5rare torrperioder \u00e4n tidigare, i takt med att klimatf\u00f6r\u00e4ndringarnas effekter blir allt starkare. Samtidigt medf\u00f6r m\u00e4nskliga aktiviteter allt st\u00f6rre utarmning av de ekosystem som vi \u00e4r s\u00e5 beroende av.&nbsp;<strong><em>Den samlade forskningen visar p\u00e5 en mycket dyster utveckling och framtid om vi inte agerar kraftfullt och omedelbart<\/em><\/strong>, men ocks\u00e5 att&nbsp;<strong><em>naturen har en enorm potential att kunna l\u00e4ka och \u00e5terst\u00e4lla processer som p\u00e5verkar v\u00e5r planet<\/em><\/strong>. F\u00f6r att st\u00e4rka v\u00e5ra framtidsutsikter och s\u00e4kra v\u00e5r l\u00e5ngsiktiga \u00f6verlevnad m\u00e5ste vi p\u00e5 allvar b\u00f6rja \u00e5terst\u00e4lla naturv\u00e4rden och ekosystem som riskerar att g\u00e5 f\u00f6rlorade.<\/p>\n\n\n\n<p>EU-kommissionen har lanserat \u201dden gr\u00f6na given\u201d, d\u00e4r f\u00f6rslaget om en restaureringsf\u00f6rordning sannolikt \u00e4r det mest avg\u00f6rande inslaget f\u00f6r att vi ska kunna v\u00e4nda den negativa utvecklingen f\u00f6r naturen i Europa. Men&nbsp;<strong><em>under den g\u00e5ngna veckan har tv\u00e5 av EU-parlamentets utskott r\u00f6stat nej till restaureringsf\u00f6rordningen<\/em><\/strong>. Utskottens ledam\u00f6ter valde kortsiktig ekonomisk vinning f\u00f6r ett f\u00e5tal individer framf\u00f6r l\u00e5ngsiktig livsmedelsf\u00f6rs\u00f6rjning och m\u00e4nsklighetens framtida \u00f6verlevnad.<\/p>\n\n\n\n<p>Med en populistisk retorik anv\u00e4nds ren&nbsp;<strong><em>skr\u00e4mselpropaganda med hot om tomma matbutiker och sv\u00e4lt i Europa<\/em><\/strong>, samtidigt som ett flertal&nbsp;<strong><em>\u00f6steuropeiska l\u00e4nder stoppar import av spannm\u00e5l fr\u00e5n Ukraina f\u00f6r att prioritera nationella livsmedelsindustrier<\/em><\/strong>. De s\u00e4ger sig st\u00e5 upp f\u00f6r fiskare, jord- och skogsbrukare, men i sj\u00e4lva verket driver de dessa yrkesgrupper mot konkurs och fortsatt utarmning. -F\u00f6r hur ska de \u00f6verleva n\u00e4r det inte l\u00e4ngre finns n\u00e5gon fisk att f\u00e5nga, n\u00e4r skogarna blir sjuka och n\u00e4r det inte l\u00e4ngre g\u00e5r att odla eller inte finns tillr\u00e4ckligt med insekter som kan befrukta gr\u00f6dorna?<\/p>\n\n\n\n<p>Hur ska vi kunna se oss sj\u00e4lva i spegeln utan d\u00e5ligt samvete?&nbsp;<strong><em>Hur ska vi kunna f\u00f6rklara f\u00f6r v\u00e5ra barn och kommande generationer varf\u00f6r vi inte gjorde vad vi kunde medan det \u00e4nnu var m\u00f6jligt?<\/em><\/strong>&nbsp;Vi har b\u00e5de kunskapen och f\u00f6ruts\u00e4ttningarna \u2013 och \u00e4nd\u00e5 l\u00e5ter vi f\u00f6rst\u00f6relsen fortg\u00e5!<\/p>\n\n\n\n<p>Vi m\u00e4nniskor beh\u00f6ver naturen f\u00f6r att producera dricksvatten och mat, f\u00f6r att minska effekterna av katastrofer, f\u00f6r att \u00f6verleva.&nbsp;<strong><em>Vi beh\u00f6ver en effektiv upprustning av Europas natur.<\/em><\/strong>&nbsp;D\u00e4rf\u00f6r st\u00f6djer BirdLife Sverige och WWF restaureringsf\u00f6rordningen \u2013 f\u00f6r v\u00e5r egen och kommande generationers skull!<strong><em>&nbsp;Vi v\u00e4djar till v\u00e5ra folkvalda politiker att f\u00f6rst\u00e5 allvaret i det som h\u00e4nder just nu. Ni beh\u00f6ver fatta r\u00e4tt beslut, innan det \u00e4r f\u00f6r sent!<\/em><\/strong><\/p>\n\n\n\n<p>F\u00f6r BirdLife Sverige<\/p>\n\n\n\n<p>Lotta Berg, ordf\u00f6rande<br>Daniel Bengtsson, f\u00e5gelskyddsansvarig<\/p>\n\n\n\n<p>F\u00f6r WWF<\/p>\n\n\n\n<p>Peter Westman, naturv\u00e5rdschef &amp; bitr\u00e4dande generalsekreterare<br>\u00c5sa Ranung, senior policyr\u00e5dgivare<\/p>\n\n\n\n<p><strong>Presskontakt:<\/strong><\/p>\n\n\n\n<p>Daniel Bengtsson: f\u00e5gelskyddsansvarig tel: 070-515 45 13<br>Niklas Aronsson: pressansvarig tel: 073-915 60 99<\/p>\n\n\n\n<p><\/p>\n\n\n\n<p><a rel=\"noreferrer noopener\" href=\"https:\/\/twitter.com\/hashtag\/EU?src=hashtag_click\" target=\"_blank\">#EU<\/a>\u00a0<a rel=\"noreferrer noopener\" href=\"https:\/\/twitter.com\/hashtag\/RestoreNature?src=hashtag_click\" target=\"_blank\">#RestoreNature\u00a0<\/a><a rel=\"noreferrer noopener\" href=\"https:\/\/twitter.com\/hashtag\/svpol?src=hashtag_click\" target=\"_blank\">#svpol<\/a><\/p>\n","protected":false},"excerpt":{"rendered":"<p>Daniel Bengtsson, f\u00e5gelskyddsansvarig BirdLife Sverige. Foto: Stina Rigb\u00e4ck 29 maj, 2023 BirdLife Sverige och V\u00e4rldsnaturfonden WWF brukar inte st\u00e5 l\u00e4ngst fram vid barrikaderna med alarmistiska budskap, men desperata tider kr\u00e4ver desperata uttryck. Allt fler europ\u00e9er d\u00f6r p\u00e5 grund av hetta, br\u00e4nder och \u00f6versv\u00e4mningar och Europa kommer fram\u00f6ver att drabbas av sv\u00e5rare torrperioder \u00e4n tidigare, i [&hellip;]<\/p>\n","protected":false},"author":3,"featured_media":0,"comment_status":"open","ping_status":"open","sticky":false,"template":"","format":"standard","meta":{"footnotes":""},"categories":[1],"tags":[],"_links":{"self":[{"href":"https:\/\/www.jorf.se\/index.php?rest_route=\/wp\/v2\/posts\/3684"}],"collection":[{"href":"https:\/\/www.jorf.se\/index.php?rest_route=\/wp\/v2\/posts"}],"about":[{"href":"https:\/\/www.jorf.se\/index.php?rest_route=\/wp\/v2\/types\/post"}],"author":[{"embeddable":true,"href":"https:\/\/www.jorf.se\/index.php?rest_route=\/wp\/v2\/users\/3"}],"replies":[{"embeddable":true,"href":"https:\/\/www.jorf.se\/index.php?rest_route=%2Fwp%2Fv2%2Fcomments&post=3684"}],"version-history":[{"count":1,"href":"https:\/\/www.jorf.se\/index.php?rest_route=\/wp\/v2\/posts\/3684\/revisions"}],"predecessor-version":[{"id":3685,"href":"https:\/\/www.jorf.se\/index.php?rest_route=\/wp\/v2\/posts\/3684\/revisions\/3685"}],"wp:attachment":[{"href":"https:\/\/www.jorf.se\/index.php?rest_route=%2Fwp%2Fv2%2Fmedia&parent=3684"}],"wp:term":[{"taxonomy":"category","embeddable":true,"href":"https:\/\/www.jorf.se\/index.php?rest_route=%2Fwp%2Fv2%2Fcategories&post=3684"},{"taxonomy":"post_tag","embeddable":true,"href":"https:\/\/www.jorf.se\/index.php?rest_route=%2Fwp%2Fv2%2Ftags&post=3684"}],"curies":[{"name":"wp","href":"https:\/\/api.w.org\/{rel}","templated":true}]}}