{"id":3640,"date":"2023-05-06T20:35:45","date_gmt":"2023-05-06T18:35:45","guid":{"rendered":"https:\/\/www.jorf.se\/?p=3640"},"modified":"2023-05-06T20:41:25","modified_gmt":"2023-05-06T18:41:25","slug":"fageltornskampen-6-maj-2023","status":"publish","type":"post","link":"https:\/\/www.jorf.se\/?p=3640","title":{"rendered":"F\u00e5geltornskampen 6 maj 2023"},"content":{"rendered":"\n<figure class=\"wp-block-image size-large\"><a href=\"https:\/\/www.jorf.se\/wp-content\/uploads\/2023\/05\/vastra-tornet-norra-Tysjon-scaled.jpg\"><img loading=\"lazy\" decoding=\"async\" width=\"1024\" height=\"776\" src=\"https:\/\/www.jorf.se\/wp-content\/uploads\/2023\/05\/vastra-tornet-norra-Tysjon-1024x776.jpg\" alt=\"\" class=\"wp-image-3641\" srcset=\"https:\/\/www.jorf.se\/wp-content\/uploads\/2023\/05\/vastra-tornet-norra-Tysjon-1024x776.jpg 1024w, https:\/\/www.jorf.se\/wp-content\/uploads\/2023\/05\/vastra-tornet-norra-Tysjon-300x227.jpg 300w, https:\/\/www.jorf.se\/wp-content\/uploads\/2023\/05\/vastra-tornet-norra-Tysjon-768x582.jpg 768w, https:\/\/www.jorf.se\/wp-content\/uploads\/2023\/05\/vastra-tornet-norra-Tysjon-1536x1163.jpg 1536w, https:\/\/www.jorf.se\/wp-content\/uploads\/2023\/05\/vastra-tornet-norra-Tysjon-2048x1551.jpg 2048w\" sizes=\"(max-width: 1024px) 100vw, 1024px\" \/><\/a><figcaption>V\u00e4stra f\u00e5geltornet vid Tysj\u00f6arna under F\u00e5geltornskampen 2023. Foto: Ulla Falkdalen<\/figcaption><\/figure>\n\n\n\n<p>F\u00e5geltornskampen genomf\u00f6rdes l\u00f6rdagen 6 maj 2023 fr\u00e5n kl. 05:00 -13:00. Totalt i Tysj\u00f6arnas v\u00e4stra f\u00e5geltorn noterades 72 arter under dessa timmar. Totala antalet bes\u00f6kande: 46.  Genom f\u00f6ljande l\u00e4nk <a rel=\"noreferrer noopener\" href=\"https:\/\/l.facebook.com\/l.php?u=https%3A%2F%2Fartrally.birdlife.se%2FEvent%2Ffageltornskampen-2023&amp;h=AT3YJViw_BQx0DlOsldRnah5YMlrlOV8GnCLfGAoa_bPfpzkkxfZnH2Y1nVchlup8HFYIBxZ1faK9ezm5q-OnWtOPy12Lwfg9rBaQVAZSQqiuFvNNWFDrcyPd3FrLuL7jg&amp;h=AT3YJViw_BQx0DlOsldRnah5YMlrlOV8GnCLfGAoa_bPfpzkkxfZnH2Y1nVchlup8HFYIBxZ1faK9ezm5q-OnWtOPy12Lwfg9rBaQVAZSQqiuFvNNWFDrcyPd3FrLuL7jg&amp;h=AT3YJViw_BQx0DlOsldRnah5YMlrlOV8GnCLfGAoa_bPfpzkkxfZnH2Y1nVchlup8HFYIBxZ1faK9ezm5q-OnWtOPy12Lwfg9rBaQVAZSQqiuFvNNWFDrcyPd3FrLuL7jg\" target=\"_blank\">https:\/\/artrally.birdlife.se\/Event\/fageltornskampen-2023<\/a> kan du se vilka f\u00e5glar som noterades.<\/p>\n","protected":false},"excerpt":{"rendered":"<p>F\u00e5geltornskampen genomf\u00f6rdes l\u00f6rdagen 6 maj 2023 fr\u00e5n kl. 05:00 -13:00. Totalt i Tysj\u00f6arnas v\u00e4stra f\u00e5geltorn noterades 72 arter under dessa timmar. Totala antalet bes\u00f6kande: 46. Genom f\u00f6ljande l\u00e4nk https:\/\/artrally.birdlife.se\/Event\/fageltornskampen-2023 kan du se vilka f\u00e5glar som noterades.<\/p>\n","protected":false},"author":3,"featured_media":0,"comment_status":"open","ping_status":"open","sticky":false,"template":"","format":"standard","meta":{"footnotes":""},"categories":[1],"tags":[],"_links":{"self":[{"href":"https:\/\/www.jorf.se\/index.php?rest_route=\/wp\/v2\/posts\/3640"}],"collection":[{"href":"https:\/\/www.jorf.se\/index.php?rest_route=\/wp\/v2\/posts"}],"about":[{"href":"https:\/\/www.jorf.se\/index.php?rest_route=\/wp\/v2\/types\/post"}],"author":[{"embeddable":true,"href":"https:\/\/www.jorf.se\/index.php?rest_route=\/wp\/v2\/users\/3"}],"replies":[{"embeddable":true,"href":"https:\/\/www.jorf.se\/index.php?rest_route=%2Fwp%2Fv2%2Fcomments&post=3640"}],"version-history":[{"count":5,"href":"https:\/\/www.jorf.se\/index.php?rest_route=\/wp\/v2\/posts\/3640\/revisions"}],"predecessor-version":[{"id":3647,"href":"https:\/\/www.jorf.se\/index.php?rest_route=\/wp\/v2\/posts\/3640\/revisions\/3647"}],"wp:attachment":[{"href":"https:\/\/www.jorf.se\/index.php?rest_route=%2Fwp%2Fv2%2Fmedia&parent=3640"}],"wp:term":[{"taxonomy":"category","embeddable":true,"href":"https:\/\/www.jorf.se\/index.php?rest_route=%2Fwp%2Fv2%2Fcategories&post=3640"},{"taxonomy":"post_tag","embeddable":true,"href":"https:\/\/www.jorf.se\/index.php?rest_route=%2Fwp%2Fv2%2Ftags&post=3640"}],"curies":[{"name":"wp","href":"https:\/\/api.w.org\/{rel}","templated":true}]}}