{"id":3610,"date":"2023-04-06T15:44:12","date_gmt":"2023-04-06T13:44:12","guid":{"rendered":"https:\/\/www.jorf.se\/?p=3610"},"modified":"2023-04-06T16:01:58","modified_gmt":"2023-04-06T14:01:58","slug":"inventera-faglar-pa-myrar-vid-annsjon-4-11-juni-2023","status":"publish","type":"post","link":"https:\/\/www.jorf.se\/?p=3610","title":{"rendered":"Inventera f\u00e5glar p\u00e5 myrar vid \u00c5nnsj\u00f6n 4-11 juni 2023"},"content":{"rendered":"\n<figure class=\"wp-block-image size-large is-style-default\"><a href=\"https:\/\/www.jorf.se\/wp-content\/uploads\/2023\/04\/ljpip6A0B4486.jpg\"><img loading=\"lazy\" decoding=\"async\" width=\"1024\" height=\"683\" src=\"https:\/\/www.jorf.se\/wp-content\/uploads\/2023\/04\/ljpip6A0B4486-1024x683.jpg\" alt=\"\" class=\"wp-image-3611\" srcset=\"https:\/\/www.jorf.se\/wp-content\/uploads\/2023\/04\/ljpip6A0B4486-1024x683.jpg 1024w, https:\/\/www.jorf.se\/wp-content\/uploads\/2023\/04\/ljpip6A0B4486-300x200.jpg 300w, https:\/\/www.jorf.se\/wp-content\/uploads\/2023\/04\/ljpip6A0B4486-768x512.jpg 768w, https:\/\/www.jorf.se\/wp-content\/uploads\/2023\/04\/ljpip6A0B4486-1536x1025.jpg 1536w, https:\/\/www.jorf.se\/wp-content\/uploads\/2023\/04\/ljpip6A0B4486.jpg 1559w\" sizes=\"(max-width: 1024px) 100vw, 1024px\" \/><\/a><\/figure>\n\n\n\n<p><\/p>\n\n\n\n<p>\u00c5rets myrf\u00e5gelinventering vid \u00c5nnsj\u00f6n genomf\u00f6rs veckan efter \u00c5nnsj\u00f6dagen (3 juni). Vi s\u00f6ker f\u00e5gelintresserade som \u00e4r v\u00e4lbekanta med de vanligt f\u00f6rekommande myrf\u00e5glarna i det fj\u00e4lln\u00e4ra omr\u00e5det. Ingen tidigare inventeringsvana beh\u00f6vs. Vi bor p\u00e5 f\u00e5gelstationen i Hand\u00f6l och inventerar v\u00e5tmarker i omgivningarna. H\u00f6r av dej till Thomas Holmberg\u00a0<a rel=\"noreferrer noopener\" href=\"mailto:thho46@gmail.com\" target=\"_blank\">thho46 (at)<\/a> <a rel=\"noreferrer noopener\" href=\"mailto:thho46@gmail.com\" target=\"_blank\">gmail.com<\/a>\u00a0eller telefon 0730583630 f\u00f6r n\u00e4rmare upplysningar.<\/p>\n","protected":false},"excerpt":{"rendered":"<p>\u00c5rets myrf\u00e5gelinventering vid \u00c5nnsj\u00f6n genomf\u00f6rs veckan efter \u00c5nnsj\u00f6dagen (3 juni). Vi s\u00f6ker f\u00e5gelintresserade som \u00e4r v\u00e4lbekanta med de vanligt f\u00f6rekommande myrf\u00e5glarna i det fj\u00e4lln\u00e4ra omr\u00e5det. Ingen tidigare inventeringsvana beh\u00f6vs. Vi bor p\u00e5 f\u00e5gelstationen i Hand\u00f6l och inventerar v\u00e5tmarker i omgivningarna. H\u00f6r av dej till Thomas Holmberg\u00a0thho46 (at) gmail.com\u00a0eller telefon 0730583630 f\u00f6r n\u00e4rmare upplysningar.<\/p>\n","protected":false},"author":3,"featured_media":0,"comment_status":"open","ping_status":"open","sticky":false,"template":"","format":"standard","meta":{"footnotes":""},"categories":[1],"tags":[],"_links":{"self":[{"href":"https:\/\/www.jorf.se\/index.php?rest_route=\/wp\/v2\/posts\/3610"}],"collection":[{"href":"https:\/\/www.jorf.se\/index.php?rest_route=\/wp\/v2\/posts"}],"about":[{"href":"https:\/\/www.jorf.se\/index.php?rest_route=\/wp\/v2\/types\/post"}],"author":[{"embeddable":true,"href":"https:\/\/www.jorf.se\/index.php?rest_route=\/wp\/v2\/users\/3"}],"replies":[{"embeddable":true,"href":"https:\/\/www.jorf.se\/index.php?rest_route=%2Fwp%2Fv2%2Fcomments&post=3610"}],"version-history":[{"count":2,"href":"https:\/\/www.jorf.se\/index.php?rest_route=\/wp\/v2\/posts\/3610\/revisions"}],"predecessor-version":[{"id":3613,"href":"https:\/\/www.jorf.se\/index.php?rest_route=\/wp\/v2\/posts\/3610\/revisions\/3613"}],"wp:attachment":[{"href":"https:\/\/www.jorf.se\/index.php?rest_route=%2Fwp%2Fv2%2Fmedia&parent=3610"}],"wp:term":[{"taxonomy":"category","embeddable":true,"href":"https:\/\/www.jorf.se\/index.php?rest_route=%2Fwp%2Fv2%2Fcategories&post=3610"},{"taxonomy":"post_tag","embeddable":true,"href":"https:\/\/www.jorf.se\/index.php?rest_route=%2Fwp%2Fv2%2Ftags&post=3610"}],"curies":[{"name":"wp","href":"https:\/\/api.w.org\/{rel}","templated":true}]}}