{"id":3593,"date":"2023-03-17T11:26:11","date_gmt":"2023-03-17T10:26:11","guid":{"rendered":"https:\/\/www.jorf.se\/?p=3593"},"modified":"2023-04-01T08:03:38","modified_gmt":"2023-04-01T06:03:38","slug":"ugglelyssning","status":"publish","type":"post","link":"https:\/\/www.jorf.se\/?p=3593","title":{"rendered":"Ugglelyssning torsdag 30 mars"},"content":{"rendered":"\n<p><img loading=\"lazy\" decoding=\"async\" width=\"548\" height=\"600\" class=\"wp-image-521\" style=\"width: 400px;\" src=\"http:\/\/www.jorf.se\/wp-content\/uploads\/2010\/03\/Parluggla-TH.jpg\" alt=\"\" srcset=\"https:\/\/www.jorf.se\/wp-content\/uploads\/2010\/03\/Parluggla-TH.jpg 548w, https:\/\/www.jorf.se\/wp-content\/uploads\/2010\/03\/Parluggla-TH-274x300.jpg 274w\" sizes=\"(max-width: 548px) 100vw, 548px\" \/><\/p>\n\n\n\n<p>P\u00e4rluggla       Foto:Thomas Holmberg<\/p>\n\n\n\n<p>Torsdag kv\u00e4ll den 30 mars, satsar vi p\u00e5 ugglelyssning i trakterna runt \u00d6stersund-Lit-Krokom. Vi r\u00f6r oss inom n\u00e5gra mils radie och bes\u00f6ker ca 4-5 lokaler d\u00e4r ugglor ofta brukar h\u00f6ras. Varma, &#8221;tysta&#8221; kl\u00e4der, n\u00e5got varmt i termos och gott t\u00e5lamod rekommenderas! Samling vid Tysj\u00f6arnas norra parkering klockan 17.00.   Avslut sker n\u00e4r vi k\u00e4nner oss n\u00f6jda. Sam\u00e5kning \u00e4r n\u00f6dv\u00e4ndig d\u00e5 vi kan r\u00f6ra oss p\u00e5 mindre v\u00e4gar med begr\u00e4nsade parkeringsm\u00f6jligheter.&nbsp;Anm\u00e4l g\u00e4rna i f\u00f6rv\u00e4g om du vill vara med. <\/p>\n\n\n\n<p>Kontakt: Kristofer Holmsten, 0705482934,&nbsp;<a rel=\"noreferrer noopener\" href=\"mailto:kristofer.holmsten@gmail.com\" target=\"_blank\">kristofer.holmsten (at) gmail.com<\/a><\/p>\n","protected":false},"excerpt":{"rendered":"<p>P\u00e4rluggla Foto:Thomas Holmberg Torsdag kv\u00e4ll den 30 mars, satsar vi p\u00e5 ugglelyssning i trakterna runt \u00d6stersund-Lit-Krokom. Vi r\u00f6r oss inom n\u00e5gra mils radie och bes\u00f6ker ca 4-5 lokaler d\u00e4r ugglor ofta brukar h\u00f6ras. Varma, &#8221;tysta&#8221; kl\u00e4der, n\u00e5got varmt i termos och gott t\u00e5lamod rekommenderas! Samling vid Tysj\u00f6arnas norra parkering klockan 17.00. Avslut sker n\u00e4r vi [&hellip;]<\/p>\n","protected":false},"author":3,"featured_media":0,"comment_status":"open","ping_status":"open","sticky":false,"template":"","format":"standard","meta":{"footnotes":""},"categories":[32],"tags":[],"_links":{"self":[{"href":"https:\/\/www.jorf.se\/index.php?rest_route=\/wp\/v2\/posts\/3593"}],"collection":[{"href":"https:\/\/www.jorf.se\/index.php?rest_route=\/wp\/v2\/posts"}],"about":[{"href":"https:\/\/www.jorf.se\/index.php?rest_route=\/wp\/v2\/types\/post"}],"author":[{"embeddable":true,"href":"https:\/\/www.jorf.se\/index.php?rest_route=\/wp\/v2\/users\/3"}],"replies":[{"embeddable":true,"href":"https:\/\/www.jorf.se\/index.php?rest_route=%2Fwp%2Fv2%2Fcomments&post=3593"}],"version-history":[{"count":9,"href":"https:\/\/www.jorf.se\/index.php?rest_route=\/wp\/v2\/posts\/3593\/revisions"}],"predecessor-version":[{"id":3608,"href":"https:\/\/www.jorf.se\/index.php?rest_route=\/wp\/v2\/posts\/3593\/revisions\/3608"}],"wp:attachment":[{"href":"https:\/\/www.jorf.se\/index.php?rest_route=%2Fwp%2Fv2%2Fmedia&parent=3593"}],"wp:term":[{"taxonomy":"category","embeddable":true,"href":"https:\/\/www.jorf.se\/index.php?rest_route=%2Fwp%2Fv2%2Fcategories&post=3593"},{"taxonomy":"post_tag","embeddable":true,"href":"https:\/\/www.jorf.se\/index.php?rest_route=%2Fwp%2Fv2%2Ftags&post=3593"}],"curies":[{"name":"wp","href":"https:\/\/api.w.org\/{rel}","templated":true}]}}