{"id":3560,"date":"2023-02-04T12:28:56","date_gmt":"2023-02-04T11:28:56","guid":{"rendered":"https:\/\/www.jorf.se\/?p=3560"},"modified":"2023-02-05T19:57:47","modified_gmt":"2023-02-05T18:57:47","slug":"domherren-vanligast-pa-fagelborden-i-jamtland","status":"publish","type":"post","link":"https:\/\/www.jorf.se\/?p=3560","title":{"rendered":"Domherren vanligast p\u00e5 f\u00e5gelborden i J\u00e4mtland"},"content":{"rendered":"\n<figure class=\"wp-block-image size-large is-style-default\"><a href=\"http:\/\/www.jorf.se\/wp-content\/uploads\/2020\/12\/God-jul-2020.jpg\"><img loading=\"lazy\" decoding=\"async\" width=\"1024\" height=\"679\" src=\"http:\/\/www.jorf.se\/wp-content\/uploads\/2020\/12\/God-jul-2020-1024x679.jpg\" alt=\"Domherre i J\u00e4mtland. Foto:Steve Dahlfors\" class=\"wp-image-3228\" srcset=\"https:\/\/www.jorf.se\/wp-content\/uploads\/2020\/12\/God-jul-2020.jpg 1024w, https:\/\/www.jorf.se\/wp-content\/uploads\/2020\/12\/God-jul-2020-300x199.jpg 300w, https:\/\/www.jorf.se\/wp-content\/uploads\/2020\/12\/God-jul-2020-768x509.jpg 768w\" sizes=\"(max-width: 1024px) 100vw, 1024px\" \/><\/a><figcaption>Domherre I J\u00e4mtland. Foto: Steve Dahlfors<\/figcaption><\/figure>\n\n\n\n<p>N\u00e4r merparten av \u00e5rets rapporter kommit in, \u00e4r domherren den klart talrikaste f\u00e5gelarten p\u00e5 f\u00e5gelmatningarna i J\u00e4mtlands l\u00e4n. Det har den varit de flesta \u00e5r som denna r\u00e4kning p\u00e5g\u00e5tt. Tv\u00e5a \u00e4r talgoxe och trea \u00e4r bl\u00e5mes.<\/p>\n\n\n\n<p>En f\u00f6rhoppningsvis positiv signal f\u00e5r vi fr\u00e5n gr\u00f6nfinken. Den har varit h\u00e5rt ansatt av en sjukdom sedan 2008 och minskat mycket kraftigt i landet. Men i \u00e5r avancerar den p\u00e5 listan fr\u00e5n J\u00e4mtlands l\u00e4n, visserligen bara fr\u00e5n plats sju till plats fem, men det genomsnittliga antalet per rapport har \u00f6kat tydligt.<\/p>\n\n\n\n<p>Medan gr\u00e5siskan endast ses vissa \u00e5r p\u00e5 f\u00e5gelmatningarna i \u00f6vriga landet, \u00e5terfinns den s\u00e5 gott som alltid p\u00e5 topplistan i J\u00e4mtland. Det \u00e4r en h\u00e4rdig f\u00e5gel som klarar av att \u00f6vervintra i fj\u00e4llbj\u00f6rkskog om det finns gott om bj\u00f6rkfr\u00f6n, vilket \u00e4r dess viktigaste vinterf\u00f6da. Det \u00e4r ocks\u00e5 i fj\u00e4llbj\u00f6rkskogen som merparten av landets gr\u00e5siskor h\u00e4ckar.<\/p>\n\n\n\n<p>N\u00f6tv\u00e4ckan bef\u00e4ster sin st\u00e4llning. Dess expansion norrut i Sverige under 2000-talet saknar motsvarighet. I J\u00e4mtlands l\u00e4n \u00e5terfinns den i \u00e5r p\u00e5 fler \u00e4n 60 procent av rapporterna. Det \u00e4r ocks\u00e5 positivt att talltitan ser ut att h\u00e5lla st\u00e4llningarna v\u00e4l i J\u00e4mtland. Denna lilla mes har en tydligt ned\u00e5tg\u00e5ende trend i resten av landet.<\/p>\n\n\n\n<p>Sidensvansen kom p\u00e5 \u00e5ttonde plats f\u00f6rra \u00e5ret men \u00e4r denna vinter sparsam. Denna variation i upptr\u00e4dande skapade f\u00f6rr myter bland allmogen. Man trodde att dess pl\u00f6tsliga uppdykande vissa \u00e5r f\u00f6reb\u00e5dade krig, sjukdom eller sv\u00e4lt. \u00c4n idag \u00e4r dess holl\u00e4ndska namn Pestvogel.<\/p>\n\n\n\n<p><strong>Topplista J\u00e4mtlands l\u00e4n<\/strong><\/p>\n\n\n\n<p>(Inom parentes anges f\u00f6rra \u00e5rets placering)<\/p>\n\n\n\n<p><\/p>\n\n\n\n<p>Topplista J\u00e4mtlands l\u00e4n<br>(Inom parentes anges f\u00f6rra \u00e5rets placering)<\/p>\n\n\n\n<ol><li>Domherre (1)<\/li><li>Talgoxe (2)<\/li><li>Bl\u00e5mes (3)<\/li><li>Skata (4)<\/li><li>Gr\u00f6nfink (7)<\/li><li>Pilfink (5)<\/li><li>Talltita (12)<\/li><li>N\u00f6tv\u00e4cka (9)<\/li><li>Gr\u00e5siska (6)<\/li><li>N\u00f6tskrika (11)<\/li><\/ol>\n\n\n\n<p>Foto: Steve Dahlfors<\/p>\n","protected":false},"excerpt":{"rendered":"<p>N\u00e4r merparten av \u00e5rets rapporter kommit in, \u00e4r domherren den klart talrikaste f\u00e5gelarten p\u00e5 f\u00e5gelmatningarna i J\u00e4mtlands l\u00e4n. Det har den varit de flesta \u00e5r som denna r\u00e4kning p\u00e5g\u00e5tt. Tv\u00e5a \u00e4r talgoxe och trea \u00e4r bl\u00e5mes. En f\u00f6rhoppningsvis positiv signal f\u00e5r vi fr\u00e5n gr\u00f6nfinken. Den har varit h\u00e5rt ansatt av en sjukdom sedan 2008 och [&hellip;]<\/p>\n","protected":false},"author":3,"featured_media":0,"comment_status":"open","ping_status":"open","sticky":false,"template":"","format":"standard","meta":{"footnotes":""},"categories":[1],"tags":[],"_links":{"self":[{"href":"https:\/\/www.jorf.se\/index.php?rest_route=\/wp\/v2\/posts\/3560"}],"collection":[{"href":"https:\/\/www.jorf.se\/index.php?rest_route=\/wp\/v2\/posts"}],"about":[{"href":"https:\/\/www.jorf.se\/index.php?rest_route=\/wp\/v2\/types\/post"}],"author":[{"embeddable":true,"href":"https:\/\/www.jorf.se\/index.php?rest_route=\/wp\/v2\/users\/3"}],"replies":[{"embeddable":true,"href":"https:\/\/www.jorf.se\/index.php?rest_route=%2Fwp%2Fv2%2Fcomments&post=3560"}],"version-history":[{"count":6,"href":"https:\/\/www.jorf.se\/index.php?rest_route=\/wp\/v2\/posts\/3560\/revisions"}],"predecessor-version":[{"id":3567,"href":"https:\/\/www.jorf.se\/index.php?rest_route=\/wp\/v2\/posts\/3560\/revisions\/3567"}],"wp:attachment":[{"href":"https:\/\/www.jorf.se\/index.php?rest_route=%2Fwp%2Fv2%2Fmedia&parent=3560"}],"wp:term":[{"taxonomy":"category","embeddable":true,"href":"https:\/\/www.jorf.se\/index.php?rest_route=%2Fwp%2Fv2%2Fcategories&post=3560"},{"taxonomy":"post_tag","embeddable":true,"href":"https:\/\/www.jorf.se\/index.php?rest_route=%2Fwp%2Fv2%2Ftags&post=3560"}],"curies":[{"name":"wp","href":"https:\/\/api.w.org\/{rel}","templated":true}]}}