{"id":3432,"date":"2022-05-08T23:28:06","date_gmt":"2022-05-08T21:28:06","guid":{"rendered":"https:\/\/www.jorf.se\/?p=3432"},"modified":"2022-05-14T17:53:13","modified_gmt":"2022-05-14T15:53:13","slug":"fagelskadningens-dag-andsjon-8-maj","status":"publish","type":"post","link":"https:\/\/www.jorf.se\/?p=3432","title":{"rendered":"F\u00e5gelsk\u00e5dningens dag \u00c4ndsj\u00f6n 8 maj"},"content":{"rendered":"\n<p>F\u00e5gelsk\u00e5dningens dag 8 maj 2022 blev kall och bl\u00e5sig. Endast \u00e5tta personer bes\u00f6kte f\u00e5geltornet vid \u00c4ndsj\u00f6n. Arter som noterades var Svarthakedopping, Sk\u00e4ggdopping, Kanadag\u00e5s, Gr\u00e4sand, Snatterand, Skedand, Bl\u00e4sand, Kricka, Brunand, Vigg, Knipa, Storskrake, Brun k\u00e4rrh\u00f6k, Soth\u00f6na, Trana, Gr\u00f6nbena, Gluttsn\u00e4ppa, Brushane, Skrattm\u00e5s, Fiskm\u00e5s, Ladusvala, R\u00f6dvingetrast, Bj\u00f6rktrast, Kungsf\u00e5gel, R\u00f6dhake, Talgoxe, Bl\u00e5mes, Kr\u00e5ka, Bofink och S\u00e4vsparv.<\/p>\n\n\n\n<figure class=\"wp-block-image size-large\"><a href=\"https:\/\/www.jorf.se\/wp-content\/uploads\/2022\/05\/brushane-o-gronbena.jpg\"><img loading=\"lazy\" decoding=\"async\" width=\"822\" height=\"1024\" src=\"https:\/\/www.jorf.se\/wp-content\/uploads\/2022\/05\/brushane-o-gronbena-822x1024.jpg\" alt=\"\" class=\"wp-image-3433\" srcset=\"https:\/\/www.jorf.se\/wp-content\/uploads\/2022\/05\/brushane-o-gronbena-822x1024.jpg 822w, https:\/\/www.jorf.se\/wp-content\/uploads\/2022\/05\/brushane-o-gronbena-241x300.jpg 241w, https:\/\/www.jorf.se\/wp-content\/uploads\/2022\/05\/brushane-o-gronbena-768x957.jpg 768w, https:\/\/www.jorf.se\/wp-content\/uploads\/2022\/05\/brushane-o-gronbena-1233x1536.jpg 1233w, https:\/\/www.jorf.se\/wp-content\/uploads\/2022\/05\/brushane-o-gronbena-1644x2048.jpg 1644w, https:\/\/www.jorf.se\/wp-content\/uploads\/2022\/05\/brushane-o-gronbena.jpg 2032w\" sizes=\"(max-width: 822px) 100vw, 822px\" \/><\/a><figcaption>Brushane och gr\u00f6nbena. Foto: Ulla Falkdalen<\/figcaption><\/figure>\n","protected":false},"excerpt":{"rendered":"<p>F\u00e5gelsk\u00e5dningens dag 8 maj 2022 blev kall och bl\u00e5sig. Endast \u00e5tta personer bes\u00f6kte f\u00e5geltornet vid \u00c4ndsj\u00f6n. Arter som noterades var Svarthakedopping, Sk\u00e4ggdopping, Kanadag\u00e5s, Gr\u00e4sand, Snatterand, Skedand, Bl\u00e4sand, Kricka, Brunand, Vigg, Knipa, Storskrake, Brun k\u00e4rrh\u00f6k, Soth\u00f6na, Trana, Gr\u00f6nbena, Gluttsn\u00e4ppa, Brushane, Skrattm\u00e5s, Fiskm\u00e5s, Ladusvala, R\u00f6dvingetrast, Bj\u00f6rktrast, Kungsf\u00e5gel, R\u00f6dhake, Talgoxe, Bl\u00e5mes, Kr\u00e5ka, Bofink och S\u00e4vsparv.<\/p>\n","protected":false},"author":3,"featured_media":0,"comment_status":"open","ping_status":"open","sticky":false,"template":"","format":"standard","meta":{"footnotes":""},"categories":[32],"tags":[],"_links":{"self":[{"href":"https:\/\/www.jorf.se\/index.php?rest_route=\/wp\/v2\/posts\/3432"}],"collection":[{"href":"https:\/\/www.jorf.se\/index.php?rest_route=\/wp\/v2\/posts"}],"about":[{"href":"https:\/\/www.jorf.se\/index.php?rest_route=\/wp\/v2\/types\/post"}],"author":[{"embeddable":true,"href":"https:\/\/www.jorf.se\/index.php?rest_route=\/wp\/v2\/users\/3"}],"replies":[{"embeddable":true,"href":"https:\/\/www.jorf.se\/index.php?rest_route=%2Fwp%2Fv2%2Fcomments&post=3432"}],"version-history":[{"count":2,"href":"https:\/\/www.jorf.se\/index.php?rest_route=\/wp\/v2\/posts\/3432\/revisions"}],"predecessor-version":[{"id":3435,"href":"https:\/\/www.jorf.se\/index.php?rest_route=\/wp\/v2\/posts\/3432\/revisions\/3435"}],"wp:attachment":[{"href":"https:\/\/www.jorf.se\/index.php?rest_route=%2Fwp%2Fv2%2Fmedia&parent=3432"}],"wp:term":[{"taxonomy":"category","embeddable":true,"href":"https:\/\/www.jorf.se\/index.php?rest_route=%2Fwp%2Fv2%2Fcategories&post=3432"},{"taxonomy":"post_tag","embeddable":true,"href":"https:\/\/www.jorf.se\/index.php?rest_route=%2Fwp%2Fv2%2Ftags&post=3432"}],"curies":[{"name":"wp","href":"https:\/\/api.w.org\/{rel}","templated":true}]}}