{"id":3336,"date":"2021-11-16T14:50:23","date_gmt":"2021-11-16T13:50:23","guid":{"rendered":"http:\/\/www.jorf.se\/?p=3336"},"modified":"2021-11-16T14:50:24","modified_gmt":"2021-11-16T13:50:24","slug":"dromstallet-levererade-inte","status":"publish","type":"post","link":"https:\/\/www.jorf.se\/?p=3336","title":{"rendered":"Dr\u00f6mst\u00e4llet levererade inte"},"content":{"rendered":"\n<div class=\"wp-block-image\"><figure class=\"alignleft\"><img loading=\"lazy\" decoding=\"async\" width=\"640\" height=\"480\" src=\"https:\/\/www.jorf.se\/wp-content\/uploads\/2021\/11\/IMG_0614.jpg\" alt=\"\" class=\"wp-image-3337\" srcset=\"https:\/\/www.jorf.se\/wp-content\/uploads\/2021\/11\/IMG_0614.jpg 640w, https:\/\/www.jorf.se\/wp-content\/uploads\/2021\/11\/IMG_0614-300x225.jpg 300w\" sizes=\"(max-width: 640px) 100vw, 640px\" \/><figcaption>F\u00e5gelb\u00e4ckmyren Foto; H\u00e5kan Jacobsson <br> <\/figcaption><\/figure><\/div>\n\n\n\n<p><\/p>\n\n\n\n<p>I slutet p\u00e5 maj f\u00f6rra \u00e5ret ber\u00e4ttade jag h\u00e4r p\u00e5 sajten om mitt dr\u00f6mst\u00e4lle i H\u00e4rjedalen. Det gjorde jag efter att ha l\u00e4st en artikel i JORFs tidning med en uppmaning om att l\u00e4gga lite mer sk\u00e5darkrut p\u00e5 hemmalokalerna, kanske uppt\u00e4cka nya, nu n\u00e4r pandemin satte stopp f\u00f6r mycket resande.<\/p>\n\n\n\n<p>Nu bor jag ju i Malm\u00f6, men jag tycker \u00e4nd\u00e5 att jag har en del hemmalokaler i H\u00e4rjedalen, eftersom mina f\u00f6r\u00e4ldrar byggde en stuga i Hede p\u00e5 1970-talet. Den \u00e4r kvar i familjen, s\u00e5 jag har varit d\u00e4r en hel del.<\/p>\n\n\n\n<p>Som jag skev f\u00f6r ett \u00e5r sedan traskade jag n\u00e5gon g\u00e5ng p\u00e5 80-talet omkring p\u00e5 Sk\u00e4rsj\u00f6v\u00e5len, n\u00e4r jag uppt\u00e4ckte ett st\u00e4lle som verkade sjuda av liv. Brist p\u00e5 tid och mats\u00e4ck gjorde att jag avstod fr\u00e5n besv\u00e4ret att ta mig dit, men jag lovade mig sj\u00e4lv att \u00e5terv\u00e4nda.<\/p>\n\n\n\n<p>Vilket inte har blivit av. F\u00f6rr\u00e4n nu, f\u00f6rsta veckan i juni. Varmare \u00e4n hemma i Malm\u00f6 (f\u00f6r \u00f6vrigt inte ovanligt just den veckan).<\/p>\n\n\n\n<p>Kv\u00e4llen innan jag skulle ge mig upp p\u00e5 v\u00e5len fanns inslag i b\u00e5de riks- och regional-tv om att bj\u00f6rnstammen \u00f6kat n\u00e5got alldeles v\u00e4ldigt i den h\u00e4r delen av landet. Vilket ju inte k\u00e4ndes s\u00e5 kul att f\u00e5 veta, just d\u00e5.<\/p>\n\n\n\n<p>Men, p\u00e5 morgonen onsdagen den 2 juni antr\u00e4dde jag \u00e4nd\u00e5 f\u00e4rden. Stigningen fr\u00e5n parkeringen till Sk\u00e4rsj\u00f6n tog en knapp timme. Snabb fika, sedan ytterligare en halvtimme innan jag s\u00e5g min dr\u00f6mlokal nedanf\u00f6r mig. En v\u00e5tmark med sm\u00e5 g\u00f6lar, en tj\u00e4rn i ena \u00e4nden. L\u00e5g bj\u00f6rkskog ovanf\u00f6r, barrskog tog vid d\u00e4r en b\u00e4ck rinner ut.<\/p>\n\n\n\n<p>Mitt f\u00e5gelparadis visade sig vara ganska glest bef\u00e5glat. Tio arter, kanske, och f\u00e5 individer. Ett par ljungpipare i v\u00e5tmarken, d\u00e4r ett fiskm\u00e5spar ocks\u00e5 hade ett bo. Lite stenskv\u00e4ttor, \u00e4ngspipl\u00e4rkor och l\u00f6vs\u00e5ngare i de steniga markerna omkring mig, en bergfinkhane besj\u00f6ng sin ensamhet &#8211; s\u00e5 l\u00e5ter det ju &#8211; fr\u00e5n en grantopp. I fj\u00e4rran h\u00f6rdes g\u00f6k och korp, n\u00e5gonstans l\u00e4t en gluttsn\u00e4ppa, men jag hade sv\u00e5rt att avg\u00f6ra om den h\u00f6rde hit eller om ljudet kom n\u00e5gon annanstans ifr\u00e5n.<\/p>\n\n\n\n<p>Jag m\u00e5ste erk\u00e4nna att jag k\u00e4nde en viss besvikelse. Jag mindes ju hur h\u00e4r hade varit fullt av l\u00e4ten och kringflygande f\u00e5glar.<\/p>\n\n\n\n<p>Nu minns jag ju inte vid vilken tid p\u00e5 sommaren jag var h\u00e4r den d\u00e4r g\u00e5ngen p\u00e5 1980-talet. Fast jag minns det som att det var frodigare d\u00e5. Nu hade bj\u00f6rkarna bara antydan till l\u00f6v &#8211; jag kanske helt enkelt var f\u00f6r tidig?<\/p>\n\n\n\n<p>Jag f\u00e5r h\u00e5lla dr\u00f6mmen levande och bege mig upp igen, n\u00e5gon annan g\u00e5ng. Lite l\u00e4ngre fram p\u00e5 sommaren.<\/p>\n\n\n\n<p>Jag menar; det m\u00e5ste ju finnas ett sk\u00e4l till att st\u00e4llet kallas F\u00e5gelb\u00e4ckmyren, n\u00e5got jag faktiskt inte uppt\u00e4ckte p\u00e5 en karta f\u00f6rr\u00e4n bara n\u00e5gon dag innan jag &#8211; till slut &#8211; tog mig dit.<\/p>\n\n\n\n<p>H\u00e5kan Jacobsson<\/p>\n","protected":false},"excerpt":{"rendered":"<p>I slutet p\u00e5 maj f\u00f6rra \u00e5ret ber\u00e4ttade jag h\u00e4r p\u00e5 sajten om mitt dr\u00f6mst\u00e4lle i H\u00e4rjedalen. Det gjorde jag efter att ha l\u00e4st en artikel i JORFs tidning med en uppmaning om att l\u00e4gga lite mer sk\u00e5darkrut p\u00e5 hemmalokalerna, kanske uppt\u00e4cka nya, nu n\u00e4r pandemin satte stopp f\u00f6r mycket resande. Nu bor jag ju i [&hellip;]<\/p>\n","protected":false},"author":3,"featured_media":0,"comment_status":"open","ping_status":"open","sticky":false,"template":"","format":"standard","meta":{"footnotes":""},"categories":[1],"tags":[],"_links":{"self":[{"href":"https:\/\/www.jorf.se\/index.php?rest_route=\/wp\/v2\/posts\/3336"}],"collection":[{"href":"https:\/\/www.jorf.se\/index.php?rest_route=\/wp\/v2\/posts"}],"about":[{"href":"https:\/\/www.jorf.se\/index.php?rest_route=\/wp\/v2\/types\/post"}],"author":[{"embeddable":true,"href":"https:\/\/www.jorf.se\/index.php?rest_route=\/wp\/v2\/users\/3"}],"replies":[{"embeddable":true,"href":"https:\/\/www.jorf.se\/index.php?rest_route=%2Fwp%2Fv2%2Fcomments&post=3336"}],"version-history":[{"count":2,"href":"https:\/\/www.jorf.se\/index.php?rest_route=\/wp\/v2\/posts\/3336\/revisions"}],"predecessor-version":[{"id":3339,"href":"https:\/\/www.jorf.se\/index.php?rest_route=\/wp\/v2\/posts\/3336\/revisions\/3339"}],"wp:attachment":[{"href":"https:\/\/www.jorf.se\/index.php?rest_route=%2Fwp%2Fv2%2Fmedia&parent=3336"}],"wp:term":[{"taxonomy":"category","embeddable":true,"href":"https:\/\/www.jorf.se\/index.php?rest_route=%2Fwp%2Fv2%2Fcategories&post=3336"},{"taxonomy":"post_tag","embeddable":true,"href":"https:\/\/www.jorf.se\/index.php?rest_route=%2Fwp%2Fv2%2Ftags&post=3336"}],"curies":[{"name":"wp","href":"https:\/\/api.w.org\/{rel}","templated":true}]}}