{"id":3205,"date":"2020-09-14T20:35:50","date_gmt":"2020-09-14T18:35:50","guid":{"rendered":"http:\/\/www.jorf.se\/?p=3205"},"modified":"2020-09-14T22:24:20","modified_gmt":"2020-09-14T20:24:20","slug":"hosten-2020","status":"publish","type":"post","link":"https:\/\/www.jorf.se\/?p=3205","title":{"rendered":"H\u00f6sten 2020"},"content":{"rendered":"\n<figure class=\"wp-block-image\"><img loading=\"lazy\" decoding=\"async\" width=\"1024\" height=\"758\" src=\"http:\/\/www.jorf.se\/wp-content\/uploads\/2020\/09\/R\u00f6dhuvad-dykand-10-aug-2020_2-1024x758.jpg\" alt=\"\" class=\"wp-image-3206\" srcset=\"https:\/\/www.jorf.se\/wp-content\/uploads\/2020\/09\/R\u00f6dhuvad-dykand-10-aug-2020_2-1024x758.jpg 1024w, https:\/\/www.jorf.se\/wp-content\/uploads\/2020\/09\/R\u00f6dhuvad-dykand-10-aug-2020_2-300x222.jpg 300w, https:\/\/www.jorf.se\/wp-content\/uploads\/2020\/09\/R\u00f6dhuvad-dykand-10-aug-2020_2-768x569.jpg 768w, https:\/\/www.jorf.se\/wp-content\/uploads\/2020\/09\/R\u00f6dhuvad-dykand-10-aug-2020_2.jpg 1776w\" sizes=\"(max-width: 1024px) 100vw, 1024px\" \/><figcaption>R\u00f6dhuvad dykand i eklipsdr\u00e4kt. Norra Tysj\u00f6n. Foto: Ulla Falkdalen<\/figcaption><\/figure>\n\n\n\n<p>I h\u00f6stprogrammet f\u00f6r 2020 har vi p\u00e5 grund av coronapandemin slopat inneaktiviteter. <\/p>\n\n\n\n<p><strong>Artrallyt<\/strong> g\u00e5r f\u00f6rst\u00e5s att genomf\u00f6ra. Det g\u00e5r av stapeln <strong>l\u00f6rdag den 21 november<\/strong>. <\/p>\n\n\n\n<p>Plats:&nbsp;Var som helst inom J\u00e4mtlands l\u00e4n. \u00c5k runt n\u00e5gonstans i J\u00e4mtland-H\u00e4rjedalen eller sk\u00e5da i hemmamarkerna!<\/p>\n\n\n\n<p>Tid: 06.00 \u2013 18.00<\/p>\n\n\n\n<p>Se eller lyssna efter s\u00e5 m\u00e5nga f\u00e5gelarter som m\u00f6jligt.<\/p>\n\n\n\n<p>Regler:&nbsp;Varje lag f\u00e5r best\u00e5 av 2-3 personer som alla ska sett eller h\u00f6rt den f\u00e5gel som man r\u00e4knar in.<\/p>\n\n\n\n<p>Lagen anm\u00e4ler sig senast fredag den 20 november till Christer P\u00e5lsson 070-6485970 eller till mailadress <a rel=\"noreferrer noopener\" href=\"mailto:chrpal56@gmail.com\" target=\"_blank\">chrpal56 (at) gmail.com<\/a>&nbsp;. Meddela resultaten till Christer P\u00e5lsson efter att artrallyt \u00e4r slut.<\/p>\n\n\n<p><!--EndFragment--><\/p>\n<p><\/p>","protected":false},"excerpt":{"rendered":"<p>I h\u00f6stprogrammet f\u00f6r 2020 har vi p\u00e5 grund av coronapandemin slopat inneaktiviteter. Artrallyt g\u00e5r f\u00f6rst\u00e5s att genomf\u00f6ra. Det g\u00e5r av stapeln l\u00f6rdag den 21 november. Plats:&nbsp;Var som helst inom J\u00e4mtlands l\u00e4n. \u00c5k runt n\u00e5gonstans i J\u00e4mtland-H\u00e4rjedalen eller sk\u00e5da i hemmamarkerna! Tid: 06.00 \u2013 18.00 Se eller lyssna efter s\u00e5 m\u00e5nga f\u00e5gelarter som m\u00f6jligt. Regler:&nbsp;Varje lag [&hellip;]<\/p>\n","protected":false},"author":3,"featured_media":0,"comment_status":"open","ping_status":"open","sticky":false,"template":"","format":"standard","meta":{"footnotes":""},"categories":[1],"tags":[],"_links":{"self":[{"href":"https:\/\/www.jorf.se\/index.php?rest_route=\/wp\/v2\/posts\/3205"}],"collection":[{"href":"https:\/\/www.jorf.se\/index.php?rest_route=\/wp\/v2\/posts"}],"about":[{"href":"https:\/\/www.jorf.se\/index.php?rest_route=\/wp\/v2\/types\/post"}],"author":[{"embeddable":true,"href":"https:\/\/www.jorf.se\/index.php?rest_route=\/wp\/v2\/users\/3"}],"replies":[{"embeddable":true,"href":"https:\/\/www.jorf.se\/index.php?rest_route=%2Fwp%2Fv2%2Fcomments&post=3205"}],"version-history":[{"count":5,"href":"https:\/\/www.jorf.se\/index.php?rest_route=\/wp\/v2\/posts\/3205\/revisions"}],"predecessor-version":[{"id":3211,"href":"https:\/\/www.jorf.se\/index.php?rest_route=\/wp\/v2\/posts\/3205\/revisions\/3211"}],"wp:attachment":[{"href":"https:\/\/www.jorf.se\/index.php?rest_route=%2Fwp%2Fv2%2Fmedia&parent=3205"}],"wp:term":[{"taxonomy":"category","embeddable":true,"href":"https:\/\/www.jorf.se\/index.php?rest_route=%2Fwp%2Fv2%2Fcategories&post=3205"},{"taxonomy":"post_tag","embeddable":true,"href":"https:\/\/www.jorf.se\/index.php?rest_route=%2Fwp%2Fv2%2Ftags&post=3205"}],"curies":[{"name":"wp","href":"https:\/\/api.w.org\/{rel}","templated":true}]}}