{"id":3183,"date":"2020-05-04T08:46:07","date_gmt":"2020-05-04T06:46:07","guid":{"rendered":"http:\/\/www.jorf.se\/?p=3183"},"modified":"2020-05-04T08:48:07","modified_gmt":"2020-05-04T06:48:07","slug":"varfaglar-inpa-knuten-9-maj","status":"publish","type":"post","link":"https:\/\/www.jorf.se\/?p=3183","title":{"rendered":"V\u00e5rf\u00e5glar inp\u00e5 knuten 9 maj"},"content":{"rendered":"\n<p> <\/p>\n\n\n\n<figure class=\"wp-block-image\"><img loading=\"lazy\" decoding=\"async\" width=\"1024\" height=\"536\" src=\"http:\/\/www.jorf.se\/wp-content\/uploads\/2020\/05\/V\u00e5rf\u00e5glar-inp\u00e5-knuten-1024x536.jpg\" alt=\"\" class=\"wp-image-3184\" srcset=\"https:\/\/www.jorf.se\/wp-content\/uploads\/2020\/05\/V\u00e5rf\u00e5glar-inp\u00e5-knuten-1024x536.jpg 1024w, https:\/\/www.jorf.se\/wp-content\/uploads\/2020\/05\/V\u00e5rf\u00e5glar-inp\u00e5-knuten-300x157.jpg 300w, https:\/\/www.jorf.se\/wp-content\/uploads\/2020\/05\/V\u00e5rf\u00e5glar-inp\u00e5-knuten-768x402.jpg 768w, https:\/\/www.jorf.se\/wp-content\/uploads\/2020\/05\/V\u00e5rf\u00e5glar-inp\u00e5-knuten.jpg 1200w\" sizes=\"(max-width: 1024px) 100vw, 1024px\" \/><\/figure>\n\n\n\n<p>Syfte och m\u00e5l.<br>V\u00e5rf\u00e5glar Inp\u00e5 Knuten erbjuder ett alternativ till den traditionella F\u00e5geltornskampen som ordnats varje v\u00e5r. Syftet med V\u00e5rf\u00e5glar Inp\u00e5 Knuten \u00e4r att tillbringa en trevlig och trygg dag i f\u00e5gelsk\u00e5dandets tecken samt att hitta f\u00e5glarna i n\u00e4rmilj\u00f6n. Samtidigt r\u00e4knas hur m\u00e5nga f\u00e5gelarter som observeras och artbest\u00e4ms fr\u00e5n det egna l\u00e4genhetsf\u00f6nstret, farstubron eller bryggan nere vid den n\u00e4rliggande sj\u00f6n.<\/p>\n\n\n\n<p>\u2022\tTidpunkt f\u00f6r evenemanget<br>V\u00e5rf\u00e5glar Inp\u00e5 Knuten \u00e4ger rum l\u00f6rdagen den 9 maj mellan kl. 05.00\u201313.00 Man beh\u00f6ver inte utnyttja hela tiden f\u00f6r f\u00e5gelobservationer.<\/p>\n\n\n\n<p>\u2022\tDeltagare och anm\u00e4lan<br>Man kan delta i V\u00e5rf\u00e5glar Inp\u00e5 Knuten ensam eller tillsammans med andra i ett mindre s\u00e4llskap. Evenemanget \u00e4r gratis och ingen f\u00f6rhandsanm\u00e4lan beh\u00f6vs. <\/p>\n\n\n\n<p>\u2022\tObservationsomr\u00e5det<br>Observationerna sker p\u00e5 en avgr\u00e4nsad yta. Ytan kan vara exempelvis vara en terrass, balkong eller en annan utvald punkt med en diameter p\u00e5 ca. 15 meter. Finns det ett f\u00e5geltorn n\u00e4ra inp\u00e5, eller en annan fin utsiktsplats i naturen, s\u00e5 \u00e4r det till\u00e5tet att r\u00e4kna d\u00e4rifr\u00e5n.<\/p>\n\n\n\n<p>\u2022\tR\u00e4knandet av antalet f\u00e5gelarter<br>Det \u00e4r ANTAL ARTER och inte antal f\u00e5glar som r\u00e4knas. Endast vilda f\u00e5glar r\u00e4knas och prickas av i formul\u00e4ret. F\u00e5glar i f\u00e5ngenskap, tamf\u00e5glar eller inh\u00e4gnade f\u00e5glar godk\u00e4nns inte. Bandspelare, visselpipor eller \u00f6vriga tekniska lockmedel f\u00e5r inte anv\u00e4ndas. Det r\u00e4cker med att en av deltagarna k\u00e4nner igen f\u00e5gelarten visuellt eller genom h\u00f6rsel.<\/p>\n\n\n\n<p>\u2022 Anm\u00e4lan av resultat<br>Resultaten uppges p\u00e5 anvisat formul\u00e4r. Det g\u00e5r bra att anv\u00e4nda b\u00e5de dator och telefon. L\u00e4nk till rapporteringen sl\u00e4pps p\u00e5  BirdLife Sveriges Facebooksida p\u00e5 kv\u00e4llen den 8 maj. Rapport ska ha skickats in senast kl. 16.00 l\u00f6rdagen 9 maj. Det g\u00e5r att b\u00f6rja om och skicka in rapporten igen om det tillkommer arter eller man gjort n\u00e5got fel. <\/p>\n\n\n\n<p>\u2022\tPublicering av resultaten<br>Resultaten fr\u00e5n V\u00e5rf\u00e5glar Inp\u00e5 knuten publiceras p\u00e5 BirdLife Sveriges hemsida och Facebook samma kv\u00e4ll som evenemanget, senast kl. 18.00<br>Om man deltagit i rapporteringen s\u00e5 ser man resultatet direkt efter man skickat in. Sidan kan man sedan uppdatera (ladda om) f\u00f6r att f\u00f6lja resultatet under dagen.\n\n<\/p>\n","protected":false},"excerpt":{"rendered":"<p>Syfte och m\u00e5l.V\u00e5rf\u00e5glar Inp\u00e5 Knuten erbjuder ett alternativ till den traditionella F\u00e5geltornskampen som ordnats varje v\u00e5r. Syftet med V\u00e5rf\u00e5glar Inp\u00e5 Knuten \u00e4r att tillbringa en trevlig och trygg dag i f\u00e5gelsk\u00e5dandets tecken samt att hitta f\u00e5glarna i n\u00e4rmilj\u00f6n. Samtidigt r\u00e4knas hur m\u00e5nga f\u00e5gelarter som observeras och artbest\u00e4ms fr\u00e5n det egna l\u00e4genhetsf\u00f6nstret, farstubron eller bryggan nere [&hellip;]<\/p>\n","protected":false},"author":3,"featured_media":0,"comment_status":"open","ping_status":"open","sticky":false,"template":"","format":"standard","meta":{"footnotes":""},"categories":[1],"tags":[],"_links":{"self":[{"href":"https:\/\/www.jorf.se\/index.php?rest_route=\/wp\/v2\/posts\/3183"}],"collection":[{"href":"https:\/\/www.jorf.se\/index.php?rest_route=\/wp\/v2\/posts"}],"about":[{"href":"https:\/\/www.jorf.se\/index.php?rest_route=\/wp\/v2\/types\/post"}],"author":[{"embeddable":true,"href":"https:\/\/www.jorf.se\/index.php?rest_route=\/wp\/v2\/users\/3"}],"replies":[{"embeddable":true,"href":"https:\/\/www.jorf.se\/index.php?rest_route=%2Fwp%2Fv2%2Fcomments&post=3183"}],"version-history":[{"count":2,"href":"https:\/\/www.jorf.se\/index.php?rest_route=\/wp\/v2\/posts\/3183\/revisions"}],"predecessor-version":[{"id":3186,"href":"https:\/\/www.jorf.se\/index.php?rest_route=\/wp\/v2\/posts\/3183\/revisions\/3186"}],"wp:attachment":[{"href":"https:\/\/www.jorf.se\/index.php?rest_route=%2Fwp%2Fv2%2Fmedia&parent=3183"}],"wp:term":[{"taxonomy":"category","embeddable":true,"href":"https:\/\/www.jorf.se\/index.php?rest_route=%2Fwp%2Fv2%2Fcategories&post=3183"},{"taxonomy":"post_tag","embeddable":true,"href":"https:\/\/www.jorf.se\/index.php?rest_route=%2Fwp%2Fv2%2Ftags&post=3183"}],"curies":[{"name":"wp","href":"https:\/\/api.w.org\/{rel}","templated":true}]}}