{"id":2739,"date":"2018-04-27T16:29:22","date_gmt":"2018-04-27T14:29:22","guid":{"rendered":"http:\/\/www.jorf.se\/?p=2739"},"modified":"2018-04-27T16:37:14","modified_gmt":"2018-04-27T14:37:14","slug":"firande-vid-lillsjon-tullingsas-3-maj","status":"publish","type":"post","link":"https:\/\/www.jorf.se\/?p=2739","title":{"rendered":"Firande vid Lillsj\u00f6n Tullings\u00e5s 3 maj"},"content":{"rendered":"<p>V\u00c4LKOMNA ATT FIRA\u00a0V\u00c5TMARKSSTIPENDIET\u00a02018 !<\/p>\n<p>Vi samlas den 3 maj kl 1400 vid Stora F\u00e5geltornet, Lillsj\u00f6n vid Tullings\u00e5s.<br \/>\nStipendiet delas ut av Svensk V\u00e5tmarksfonds ordf. Bj\u00f6rn Spr\u00e4ngare<br \/>\noch Erik Sellberg styrelseordf. Ragn-Sells.<br \/>\nByns egen Tor Persson ber\u00e4ttar historien om Lillsj\u00f6n och dagens<br \/>\nnaturupplevelser.<br \/>\nMuntrationer med musik och kaffekalas med specialdesignad<br \/>\nf\u00e5gelt\u00e5rta och hembakat fr\u00e5n byn.<br \/>\nTillf\u00e4lle till spontana f\u00e5gelexkursioner.<\/p>\n<p>ALLA \u00c4R V\u00c4LKOMNA!<\/p>\n<p><a href=\"http:\/\/www.jorf.se\/?attachment_id=2744\" rel=\"attachment wp-att-2744\"><img loading=\"lazy\" decoding=\"async\" class=\"size-medium wp-image-2744\" src=\"http:\/\/www.jorf.se\/wp-content\/uploads\/2018\/04\/StoraTornet1-300x207.jpg\" alt=\"\" width=\"300\" height=\"207\" srcset=\"https:\/\/www.jorf.se\/wp-content\/uploads\/2018\/04\/StoraTornet1-300x207.jpg 300w, https:\/\/www.jorf.se\/wp-content\/uploads\/2018\/04\/StoraTornet1-768x530.jpg 768w, https:\/\/www.jorf.se\/wp-content\/uploads\/2018\/04\/StoraTornet1-1024x707.jpg 1024w\" sizes=\"(max-width: 300px) 100vw, 300px\" \/><\/a><\/p>\n<p><a href=\"http:\/\/www.jorf.se\/?attachment_id=2743\" rel=\"attachment wp-att-2743\"><img loading=\"lazy\" decoding=\"async\" class=\"size-medium wp-image-2743\" src=\"http:\/\/www.jorf.se\/wp-content\/uploads\/2018\/04\/LillaTornet1-300x235.jpg\" alt=\"\" width=\"300\" height=\"235\" srcset=\"https:\/\/www.jorf.se\/wp-content\/uploads\/2018\/04\/LillaTornet1-300x235.jpg 300w, https:\/\/www.jorf.se\/wp-content\/uploads\/2018\/04\/LillaTornet1-768x602.jpg 768w, https:\/\/www.jorf.se\/wp-content\/uploads\/2018\/04\/LillaTornet1-1024x802.jpg 1024w\" sizes=\"(max-width: 300px) 100vw, 300px\" \/><\/a><\/p>\n","protected":false},"excerpt":{"rendered":"<p>V\u00c4LKOMNA ATT FIRA\u00a0V\u00c5TMARKSSTIPENDIET\u00a02018 ! Vi samlas den 3 maj kl 1400 vid Stora F\u00e5geltornet, Lillsj\u00f6n vid Tullings\u00e5s. Stipendiet delas ut av Svensk V\u00e5tmarksfonds ordf. Bj\u00f6rn Spr\u00e4ngare och Erik Sellberg styrelseordf. Ragn-Sells. Byns egen Tor Persson ber\u00e4ttar historien om Lillsj\u00f6n och dagens naturupplevelser. Muntrationer med musik och kaffekalas med specialdesignad f\u00e5gelt\u00e5rta och hembakat fr\u00e5n byn. Tillf\u00e4lle [&hellip;]<\/p>\n","protected":false},"author":3,"featured_media":0,"comment_status":"open","ping_status":"open","sticky":false,"template":"","format":"standard","meta":{"footnotes":""},"categories":[1],"tags":[],"_links":{"self":[{"href":"https:\/\/www.jorf.se\/index.php?rest_route=\/wp\/v2\/posts\/2739"}],"collection":[{"href":"https:\/\/www.jorf.se\/index.php?rest_route=\/wp\/v2\/posts"}],"about":[{"href":"https:\/\/www.jorf.se\/index.php?rest_route=\/wp\/v2\/types\/post"}],"author":[{"embeddable":true,"href":"https:\/\/www.jorf.se\/index.php?rest_route=\/wp\/v2\/users\/3"}],"replies":[{"embeddable":true,"href":"https:\/\/www.jorf.se\/index.php?rest_route=%2Fwp%2Fv2%2Fcomments&post=2739"}],"version-history":[{"count":4,"href":"https:\/\/www.jorf.se\/index.php?rest_route=\/wp\/v2\/posts\/2739\/revisions"}],"predecessor-version":[{"id":2746,"href":"https:\/\/www.jorf.se\/index.php?rest_route=\/wp\/v2\/posts\/2739\/revisions\/2746"}],"wp:attachment":[{"href":"https:\/\/www.jorf.se\/index.php?rest_route=%2Fwp%2Fv2%2Fmedia&parent=2739"}],"wp:term":[{"taxonomy":"category","embeddable":true,"href":"https:\/\/www.jorf.se\/index.php?rest_route=%2Fwp%2Fv2%2Fcategories&post=2739"},{"taxonomy":"post_tag","embeddable":true,"href":"https:\/\/www.jorf.se\/index.php?rest_route=%2Fwp%2Fv2%2Ftags&post=2739"}],"curies":[{"name":"wp","href":"https:\/\/api.w.org\/{rel}","templated":true}]}}