{"id":2692,"date":"2018-01-17T11:48:49","date_gmt":"2018-01-17T10:48:49","guid":{"rendered":"http:\/\/www.jorf.se\/?p=2692"},"modified":"2018-01-17T13:56:54","modified_gmt":"2018-01-17T12:56:54","slug":"vinterfaglar-inpa-knuten-2018","status":"publish","type":"post","link":"https:\/\/www.jorf.se\/?p=2692","title":{"rendered":"Vinterf\u00e5glar inp\u00e5 knuten 2018"},"content":{"rendered":"<div id=\"attachment_1985\" style=\"width: 496px\" class=\"wp-caption aligncenter\"><a href=\"http:\/\/www.jorf.se\/?attachment_id=1985\" rel=\"attachment wp-att-1985\"><img loading=\"lazy\" decoding=\"async\" aria-describedby=\"caption-attachment-1985\" class=\"wp-image-1985\" src=\"http:\/\/www.jorf.se\/wp-content\/uploads\/2014\/01\/talltita_SD-300x198.jpg\" alt=\"\" width=\"486\" height=\"321\" srcset=\"https:\/\/www.jorf.se\/wp-content\/uploads\/2014\/01\/talltita_SD-300x198.jpg 300w, https:\/\/www.jorf.se\/wp-content\/uploads\/2014\/01\/talltita_SD-1024x676.jpg 1024w, https:\/\/www.jorf.se\/wp-content\/uploads\/2014\/01\/talltita_SD.jpg 1080w\" sizes=\"(max-width: 486px) 100vw, 486px\" \/><\/a><p id=\"caption-attachment-1985\" class=\"wp-caption-text\">Talltita Parus montanus Foto Steve Dahlfors<\/p><\/div>\n<p>Under perioden 26-29 februari \u00e4r det dags att r\u00e4kna f\u00e5glarna som vi har inp\u00e5 knuten! Klicka p\u00e5<a href=\"http:\/\/birdlife.se\/vinterfaglar-inpa-knuten\"> information<\/a> om detta!\u00a0Sj\u00e4lva rapportverktyget finns p\u00e5\u00a0<a href=\"http:\/\/www.vinterfaglar.se\/\" target=\"_blank\" rel=\"noopener\" data-saferedirecturl=\"https:\/\/www.google.com\/url?hl=sv&amp;q=http:\/\/www.vinterfaglar.se&amp;source=gmail&amp;ust=1516280049177000&amp;usg=AFQjCNEUkZgMK8ksz_lJZePsU6vL1tpBXA\">www.vinterfaglar.se<\/a><\/p>\n","protected":false},"excerpt":{"rendered":"<p>Under perioden 26-29 februari \u00e4r det dags att r\u00e4kna f\u00e5glarna som vi har inp\u00e5 knuten! Klicka p\u00e5 information om detta!\u00a0Sj\u00e4lva rapportverktyget finns p\u00e5\u00a0www.vinterfaglar.se<\/p>\n","protected":false},"author":3,"featured_media":0,"comment_status":"open","ping_status":"open","sticky":false,"template":"","format":"standard","meta":{"footnotes":""},"categories":[1],"tags":[],"_links":{"self":[{"href":"https:\/\/www.jorf.se\/index.php?rest_route=\/wp\/v2\/posts\/2692"}],"collection":[{"href":"https:\/\/www.jorf.se\/index.php?rest_route=\/wp\/v2\/posts"}],"about":[{"href":"https:\/\/www.jorf.se\/index.php?rest_route=\/wp\/v2\/types\/post"}],"author":[{"embeddable":true,"href":"https:\/\/www.jorf.se\/index.php?rest_route=\/wp\/v2\/users\/3"}],"replies":[{"embeddable":true,"href":"https:\/\/www.jorf.se\/index.php?rest_route=%2Fwp%2Fv2%2Fcomments&post=2692"}],"version-history":[{"count":7,"href":"https:\/\/www.jorf.se\/index.php?rest_route=\/wp\/v2\/posts\/2692\/revisions"}],"predecessor-version":[{"id":2699,"href":"https:\/\/www.jorf.se\/index.php?rest_route=\/wp\/v2\/posts\/2692\/revisions\/2699"}],"wp:attachment":[{"href":"https:\/\/www.jorf.se\/index.php?rest_route=%2Fwp%2Fv2%2Fmedia&parent=2692"}],"wp:term":[{"taxonomy":"category","embeddable":true,"href":"https:\/\/www.jorf.se\/index.php?rest_route=%2Fwp%2Fv2%2Fcategories&post=2692"},{"taxonomy":"post_tag","embeddable":true,"href":"https:\/\/www.jorf.se\/index.php?rest_route=%2Fwp%2Fv2%2Ftags&post=2692"}],"curies":[{"name":"wp","href":"https:\/\/api.w.org\/{rel}","templated":true}]}}