{"id":2646,"date":"2017-09-20T19:55:42","date_gmt":"2017-09-20T17:55:42","guid":{"rendered":"http:\/\/www.jorf.se\/?p=2646"},"modified":"2017-11-17T22:11:35","modified_gmt":"2017-11-17T21:11:35","slug":"avslag-till-stor-vindkraftpark-nara-storlien","status":"publish","type":"post","link":"https:\/\/www.jorf.se\/?p=2646","title":{"rendered":"Avslag f\u00f6r stor vindkraftpark n\u00e4ra Storlien"},"content":{"rendered":"<div id=\"attachment_2648\" style=\"width: 310px\" class=\"wp-caption alignright\"><a href=\"http:\/\/www.jorf.se\/wp-content\/uploads\/2017\/09\/Storrun-etc-132.jpg\"><img loading=\"lazy\" decoding=\"async\" aria-describedby=\"caption-attachment-2648\" class=\"size-medium wp-image-2648\" src=\"http:\/\/www.jorf.se\/wp-content\/uploads\/2017\/09\/Storrun-etc-132-300x200.jpg\" alt=\"\" width=\"300\" height=\"200\" srcset=\"https:\/\/www.jorf.se\/wp-content\/uploads\/2017\/09\/Storrun-etc-132-300x200.jpg 300w, https:\/\/www.jorf.se\/wp-content\/uploads\/2017\/09\/Storrun-etc-132-768x512.jpg 768w, https:\/\/www.jorf.se\/wp-content\/uploads\/2017\/09\/Storrun-etc-132-1024x683.jpg 1024w\" sizes=\"(max-width: 300px) 100vw, 300px\" \/><\/a><p id=\"caption-attachment-2648\" class=\"wp-caption-text\">Vindkraftverk vid Storruns vindpark i Krokoms kommun. Foto: Lars Falkdalen Lindahl<\/p><\/div>\n<p>Den 19:e september 2017 meddelade det norska olje- och energidepartementet att man avsl\u00e5r EON&#8217;s \u00f6verklagan om att f\u00e5 bygga en vindkraftpark i Mer\u00e5kers kommun intill den svenska gr\u00e4nsen. Omr\u00e5det best\u00e5r av sedan tidigare oexploaterad natur och det har funnits stor oro, inte minst fr\u00e5n JORF&#8217;s sida, att en storskalig vindkraftutbyggnad i omr\u00e5det skulle f\u00e5 stora negativa konsekvenser f\u00f6r f\u00e5gellivet.<\/p>\n<p>Departementet motiverar beslutet med att de f\u00f6rdelar som en etablering skulle inneb\u00e4ra inte uppv\u00e4ger de skador som f\u00f6rv\u00e4ntas orsakas. Beslutet kan inte \u00f6verklagas.<\/p>\n<p><a href=\"https:\/\/www.regjeringen.no\/contentassets\/95c9929fe75544bca4072981dfc39d6f\/e.on---kopperaa-vindkraftverk-i-meraker.pdf\" target=\"_blank\" rel=\"noopener\">L\u00e4nk till beslutet<\/a><\/p>\n","protected":false},"excerpt":{"rendered":"<p>Den 19:e september 2017 meddelade det norska olje- och energidepartementet att man avsl\u00e5r EON&#8217;s \u00f6verklagan om att f\u00e5 bygga en vindkraftpark i Mer\u00e5kers kommun intill den svenska gr\u00e4nsen. Omr\u00e5det best\u00e5r av sedan tidigare oexploaterad natur och det har funnits stor oro, inte minst fr\u00e5n JORF&#8217;s sida, att en storskalig vindkraftutbyggnad i omr\u00e5det skulle f\u00e5 stora [&hellip;]<\/p>\n","protected":false},"author":1,"featured_media":0,"comment_status":"open","ping_status":"open","sticky":false,"template":"","format":"standard","meta":{"footnotes":""},"categories":[17],"tags":[],"_links":{"self":[{"href":"https:\/\/www.jorf.se\/index.php?rest_route=\/wp\/v2\/posts\/2646"}],"collection":[{"href":"https:\/\/www.jorf.se\/index.php?rest_route=\/wp\/v2\/posts"}],"about":[{"href":"https:\/\/www.jorf.se\/index.php?rest_route=\/wp\/v2\/types\/post"}],"author":[{"embeddable":true,"href":"https:\/\/www.jorf.se\/index.php?rest_route=\/wp\/v2\/users\/1"}],"replies":[{"embeddable":true,"href":"https:\/\/www.jorf.se\/index.php?rest_route=%2Fwp%2Fv2%2Fcomments&post=2646"}],"version-history":[{"count":5,"href":"https:\/\/www.jorf.se\/index.php?rest_route=\/wp\/v2\/posts\/2646\/revisions"}],"predecessor-version":[{"id":2657,"href":"https:\/\/www.jorf.se\/index.php?rest_route=\/wp\/v2\/posts\/2646\/revisions\/2657"}],"wp:attachment":[{"href":"https:\/\/www.jorf.se\/index.php?rest_route=%2Fwp%2Fv2%2Fmedia&parent=2646"}],"wp:term":[{"taxonomy":"category","embeddable":true,"href":"https:\/\/www.jorf.se\/index.php?rest_route=%2Fwp%2Fv2%2Fcategories&post=2646"},{"taxonomy":"post_tag","embeddable":true,"href":"https:\/\/www.jorf.se\/index.php?rest_route=%2Fwp%2Fv2%2Ftags&post=2646"}],"curies":[{"name":"wp","href":"https:\/\/api.w.org\/{rel}","templated":true}]}}