{"id":2507,"date":"2017-01-21T12:03:55","date_gmt":"2017-01-21T11:03:55","guid":{"rendered":"http:\/\/www.jorf.se\/?p=2507"},"modified":"2017-01-21T12:09:19","modified_gmt":"2017-01-21T11:09:19","slug":"anmal-dig-till-fagelkalendern","status":"publish","type":"post","link":"https:\/\/www.jorf.se\/?p=2507","title":{"rendered":"Anm\u00e4l dig till F\u00e5gelkalendern!"},"content":{"rendered":"<p>M\u00e5ls\u00e4ttningen med F\u00e5gelkalendern \u00e4r att datainsamlingen ska vara landsomfattande. Sveriges alla l\u00e4n \u00e4r redan representerade bland dem anm\u00e4lt intresse, men fler intresserade beh\u00f6vs, s\u00e5 vi f\u00e5r en bra f\u00f6rdelning \u00f6ver landet n\u00e4r F\u00e5gelkalendern drar ig\u00e5ng nu i v\u00e5r. Anm\u00e4l ditt intresse via denna l\u00e4nk. \u00a0 \u00a0<a href=\"http:\/\/www.naturenskalender.se\/fagelkalendern.php\">http:\/\/www.naturenskalender.se\/fagelkalendern.php<\/a><\/p>\n<p>&nbsp;<\/p>\n","protected":false},"excerpt":{"rendered":"<p>M\u00e5ls\u00e4ttningen med F\u00e5gelkalendern \u00e4r att datainsamlingen ska vara landsomfattande. Sveriges alla l\u00e4n \u00e4r redan representerade bland dem anm\u00e4lt intresse, men fler intresserade beh\u00f6vs, s\u00e5 vi f\u00e5r en bra f\u00f6rdelning \u00f6ver landet n\u00e4r F\u00e5gelkalendern drar ig\u00e5ng nu i v\u00e5r. Anm\u00e4l ditt intresse via denna l\u00e4nk. \u00a0 \u00a0http:\/\/www.naturenskalender.se\/fagelkalendern.php &nbsp;<\/p>\n","protected":false},"author":3,"featured_media":0,"comment_status":"open","ping_status":"open","sticky":false,"template":"","format":"standard","meta":{"footnotes":""},"categories":[1],"tags":[],"_links":{"self":[{"href":"https:\/\/www.jorf.se\/index.php?rest_route=\/wp\/v2\/posts\/2507"}],"collection":[{"href":"https:\/\/www.jorf.se\/index.php?rest_route=\/wp\/v2\/posts"}],"about":[{"href":"https:\/\/www.jorf.se\/index.php?rest_route=\/wp\/v2\/types\/post"}],"author":[{"embeddable":true,"href":"https:\/\/www.jorf.se\/index.php?rest_route=\/wp\/v2\/users\/3"}],"replies":[{"embeddable":true,"href":"https:\/\/www.jorf.se\/index.php?rest_route=%2Fwp%2Fv2%2Fcomments&post=2507"}],"version-history":[{"count":5,"href":"https:\/\/www.jorf.se\/index.php?rest_route=\/wp\/v2\/posts\/2507\/revisions"}],"predecessor-version":[{"id":2513,"href":"https:\/\/www.jorf.se\/index.php?rest_route=\/wp\/v2\/posts\/2507\/revisions\/2513"}],"wp:attachment":[{"href":"https:\/\/www.jorf.se\/index.php?rest_route=%2Fwp%2Fv2%2Fmedia&parent=2507"}],"wp:term":[{"taxonomy":"category","embeddable":true,"href":"https:\/\/www.jorf.se\/index.php?rest_route=%2Fwp%2Fv2%2Fcategories&post=2507"},{"taxonomy":"post_tag","embeddable":true,"href":"https:\/\/www.jorf.se\/index.php?rest_route=%2Fwp%2Fv2%2Ftags&post=2507"}],"curies":[{"name":"wp","href":"https:\/\/api.w.org\/{rel}","templated":true}]}}