{"id":1648,"date":"2012-10-18T19:58:02","date_gmt":"2012-10-18T17:58:02","guid":{"rendered":"http:\/\/www.jorf.se\/?p=1648"},"modified":"2019-02-16T18:06:00","modified_gmt":"2019-02-16T17:06:00","slug":"samrad-ang-planerad-vindpark-pa-florkolen-harjedalens-kommun","status":"publish","type":"post","link":"https:\/\/www.jorf.se\/?p=1648","title":{"rendered":"Samr\u00e5d ang planerad vindpark p\u00e5 Flork\u00f6len, H\u00e4rjedalens kommun"},"content":{"rendered":"<p>2012-05-09<\/p>\n<p>Nordex Sverige AB<br \/>\nUppsala<\/p>\n<p>Samr\u00e5d ang planerad vindpark p\u00e5 Flork\u00f6len, H\u00e4rjedalens kommun<\/p>\n<p>Med anledning av inbjudan till samr\u00e5d ang\u00e5ende vindkraftetableringen p\u00e5 Flork\u00f6len vill JORF framh\u00e5lla sin positiva syn p\u00e5 initiativet att tillfr\u00e5ga f\u00f6reningen i ett tidigt skede, s\u00e5 m\u00f6jlighet ges till rekommendationer f\u00f6r var vindturbiner kan\/b\u00f6r placeras respektive vilka platser som ska undvikas. Den numera t\u00e4mligen omfattande forskning som gjorts p\u00e5 vindkraftens inverkan p\u00e5 f\u00e5glar, pekar tydligt ut planering och placering av turbinerna som de otvetydigt viktigaste faktorerna f\u00f6r att undvika allvarliga negativa konsekvenser. R\u00e4tt placerade kan vindkraftverkens negativa effekter p\u00e5 f\u00e5glar och \u00f6vrig natur ist\u00e4llet reduceras till mycket sm\u00e5. V\u00e5r generella h\u00e5llning \u00e4r att skyddad natur (eller omr\u00e5den med motsvarande v\u00e4rden) aldrig ska komma i fr\u00e5ga f\u00f6r exploatering, liksom att rekommenderade skyddsavst\u00e5nd till k\u00e4nsliga arters h\u00e4ckplatser ska respekteras.<\/p>\n<p>Flork\u00f6len ligger i en \u00e4lvdal som \u00e4r en naturlig flyttv\u00e4g fr\u00e5n K\u00e5rb\u00f6le och norrut. M\u00e5nga \u00f6rnar har setts f\u00f6lja kringliggande h\u00f6jder under sin flyttning. Flork\u00f6len h\u00f6r till de h\u00f6jder som anv\u00e4nds frekvent vid rovf\u00e5gelsflyttningar. \u00d6rnar och vr\u00e5kar ses ofta ligga \u00f6ver denna h\u00f6jdplat\u00e5 med perfekta uppvindar och termik.<br \/>\nJ\u00e4mtlands l\u00e4ns ornitologiska f\u00f6rening anser d\u00e4rf\u00f6r att omr\u00e5det ur f\u00e5gelskyddssynpunkt inte l\u00e4mpar sig f\u00f6r vindkraftutbyggnad.<br \/>\nEnligt ornitologen Stig Norell, J\u00e4rvs\u00f6, som har stor kunskap om kungs\u00f6rn i H\u00e4rjedalen, s\u00e5 finns det \u00e4ven \u00f6rnrevir vid Flork\u00f6len men kungs\u00f6rnsgruppen har \u00e4nnu inte haft tid och resurser att inventera just det aktuella omr\u00e5det mer noggrant varf\u00f6r det inte finns uppgifter om boplatsens\/ boplatsernas lokalisering.<\/p>\n<p>Om ni trots v\u00e5r information avser att g\u00e5 vidare med planer p\u00e5 vindkraftutbyggnad m\u00e5ste specifika f\u00e5gelstudier genomf\u00f6ras av kunniga ornitologer, s\u00e5 att en korrekt bed\u00f6mning av milj\u00f6konsekvenserna kan l\u00e5ta sig g\u00f6ras. Dessa studier b\u00f6r i f\u00f6rsta hand inrikta sig p\u00e5 att bel\u00e4gga f\u00f6rekomsten av kungs\u00f6rn och andra s\u00e4rskilt k\u00e4nsliga och\/eller hotade arter. Vi vill g\u00e4rna bist\u00e5 med allm\u00e4nna r\u00e5d ang\u00e5ende hur f\u00e5gelfr\u00e5gan b\u00f6r hanteras i detta \u00e4rende. V\u00e4nligen kontakta oss f\u00f6r vidare samtal och diskussion om ni avser att forts\u00e4tta planeringen f\u00f6r vindkraft i detta k\u00e4nsliga omr\u00e5de.<\/p>\n<p>F\u00f6r uppgifter om s\u00e4rskilt k\u00e4nsliga arter och omr\u00e5den h\u00e4nvisas till SOF:s policy om vindkraft.<\/p>\n<p>F\u00f6r J\u00e4mtlands l\u00e4ns ornitologiska f\u00f6rening<\/p>\n<p>Elisabeth Marklund Thomas Holmberg<br \/>\nSekreterare Ordf\u00f6rande<\/p>\n","protected":false},"excerpt":{"rendered":"<p>2012-05-09 Nordex Sverige AB Uppsala Samr\u00e5d ang planerad vindpark p\u00e5 Flork\u00f6len, H\u00e4rjedalens kommun Med anledning av inbjudan till samr\u00e5d ang\u00e5ende vindkraftetableringen p\u00e5 Flork\u00f6len vill JORF framh\u00e5lla sin positiva syn p\u00e5 initiativet att tillfr\u00e5ga f\u00f6reningen i ett tidigt skede, s\u00e5 m\u00f6jlighet ges till rekommendationer f\u00f6r var vindturbiner kan\/b\u00f6r placeras respektive vilka platser som ska undvikas. Den [&hellip;]<\/p>\n","protected":false},"author":3,"featured_media":0,"comment_status":"open","ping_status":"open","sticky":false,"template":"","format":"standard","meta":{"footnotes":""},"categories":[21],"tags":[],"_links":{"self":[{"href":"https:\/\/www.jorf.se\/index.php?rest_route=\/wp\/v2\/posts\/1648"}],"collection":[{"href":"https:\/\/www.jorf.se\/index.php?rest_route=\/wp\/v2\/posts"}],"about":[{"href":"https:\/\/www.jorf.se\/index.php?rest_route=\/wp\/v2\/types\/post"}],"author":[{"embeddable":true,"href":"https:\/\/www.jorf.se\/index.php?rest_route=\/wp\/v2\/users\/3"}],"replies":[{"embeddable":true,"href":"https:\/\/www.jorf.se\/index.php?rest_route=%2Fwp%2Fv2%2Fcomments&post=1648"}],"version-history":[{"count":5,"href":"https:\/\/www.jorf.se\/index.php?rest_route=\/wp\/v2\/posts\/1648\/revisions"}],"predecessor-version":[{"id":2856,"href":"https:\/\/www.jorf.se\/index.php?rest_route=\/wp\/v2\/posts\/1648\/revisions\/2856"}],"wp:attachment":[{"href":"https:\/\/www.jorf.se\/index.php?rest_route=%2Fwp%2Fv2%2Fmedia&parent=1648"}],"wp:term":[{"taxonomy":"category","embeddable":true,"href":"https:\/\/www.jorf.se\/index.php?rest_route=%2Fwp%2Fv2%2Fcategories&post=1648"},{"taxonomy":"post_tag","embeddable":true,"href":"https:\/\/www.jorf.se\/index.php?rest_route=%2Fwp%2Fv2%2Ftags&post=1648"}],"curies":[{"name":"wp","href":"https:\/\/api.w.org\/{rel}","templated":true}]}}