{"id":4061,"date":"2024-08-03T07:56:56","date_gmt":"2024-08-03T05:56:56","guid":{"rendered":"https:\/\/www.jorf.se\/?p=4061"},"modified":"2024-08-03T08:24:13","modified_gmt":"2024-08-03T06:24:13","slug":"vadarexkursion-till-sannan-5-aug-2024","status":"publish","type":"post","link":"http:\/\/www.jorf.se\/?p=4061","title":{"rendered":"Vadarexkursion till Sannan 5 aug 2024"},"content":{"rendered":"\n<figure class=\"wp-block-image size-large\"><a href=\"https:\/\/www.jorf.se\/wp-content\/uploads\/2024\/08\/Sixtens-vadarbild.jpg\"><img loading=\"lazy\" decoding=\"async\" width=\"1024\" height=\"823\" src=\"https:\/\/www.jorf.se\/wp-content\/uploads\/2024\/08\/Sixtens-vadarbild-1024x823.jpg\" alt=\"\" class=\"wp-image-4062\" srcset=\"http:\/\/www.jorf.se\/wp-content\/uploads\/2024\/08\/Sixtens-vadarbild-1024x823.jpg 1024w, http:\/\/www.jorf.se\/wp-content\/uploads\/2024\/08\/Sixtens-vadarbild-300x241.jpg 300w, http:\/\/www.jorf.se\/wp-content\/uploads\/2024\/08\/Sixtens-vadarbild-768x617.jpg 768w, http:\/\/www.jorf.se\/wp-content\/uploads\/2024\/08\/Sixtens-vadarbild-1536x1235.jpg 1536w, http:\/\/www.jorf.se\/wp-content\/uploads\/2024\/08\/Sixtens-vadarbild.jpg 2048w\" sizes=\"(max-width: 1024px) 100vw, 1024px\" \/><\/a><figcaption class=\"wp-element-caption\">Brushane Foto: Sixten Lindblom<\/figcaption><\/figure>\n\n\n\n<p>M\u00e5ndag den 5\/8 kommer Jorf h\u00e5lla en vadarexkursion till Sannan, Ockesj\u00f6n. Se karta: <a href=\"https:\/\/l.facebook.com\/l.php?u=https%3A%2F%2Fmaps.app.goo.gl%2FYzhXnwH4jvgokHY96%3Fg_st%3Dic%26fbclid%3DIwZXh0bgNhZW0CMTAAAR1dhYU_ZTbvCNXxuGEwsCohZiTyt-I257WgCjyp4eP_cJYWqmbGwU8oC7U_aem_9XlyQQfaZcW77Xr-TF1eHQ&amp;h=AT0x0XERvQGA0zlB3iQlpfnSd-D3P8EyTjVOHXa_FCIa_1aK3Dq_nCJEhlHgiCiO6KBb_0yS2xS3WxCFe9BrwOCHB9eou4dWyvkpuiMGNhoo6tOYbs7aPTvYAGc_GubTZA&amp;__tn__=-UK-R&amp;c[0]=AT0Ax2mtFgie7Eo96fbMCLjny9RG-rbZb-ZdJZbQIpJzi5ScTtqHnXWN0BnkQ-WvyutWLYxGa4VysGjwblSJATVTctLx-XyLe2u6XjaKvztLu9nmtfU5KLs6s9R49CgnpWBRBixlr5uInsBm5o1x7WkR26ktxbyCYkgN7tk6PwnaiIXnFsJazpxhyB7osstug_w7HX6IK8TK3Tn0MSx8cOOPKGtlD07z4nkbJdY8hlLWOkw\" target=\"_blank\" rel=\"noreferrer noopener\">https:\/\/maps.app.goo.gl\/YzhXnwH4jvgokHY96?g_st=ic<\/a>. Sannan \u00e4r en fin lokal som vid l\u00e5gt vattenst\u00e5nd kan dra till sig diverse sp\u00e4nnande arktiska vadare. Senaste veckorna har d\u00e4r setts bl.a kustpipare och spovsn\u00e4ppa. Vi samlas vid \u00d6stersundstravets parkering 17:30 f\u00f6r sam\u00e5kning. Vid fr\u00e5gor h\u00f6r av er till Sixten Lindblom p\u00e5 070-337 09 08 eller Daniel Hedenbo p\u00e5 070-365 72 62. Vi ses!<\/p>\n","protected":false},"excerpt":{"rendered":"<p>M\u00e5ndag den 5\/8 kommer Jorf h\u00e5lla en vadarexkursion till Sannan, Ockesj\u00f6n. Se karta: https:\/\/maps.app.goo.gl\/YzhXnwH4jvgokHY96?g_st=ic. Sannan \u00e4r en fin lokal som vid l\u00e5gt vattenst\u00e5nd kan dra till sig diverse sp\u00e4nnande arktiska vadare. Senaste veckorna har d\u00e4r setts bl.a kustpipare och spovsn\u00e4ppa. Vi samlas vid \u00d6stersundstravets parkering 17:30 f\u00f6r sam\u00e5kning. Vid fr\u00e5gor h\u00f6r av er till Sixten [&hellip;]<\/p>\n","protected":false},"author":3,"featured_media":0,"comment_status":"open","ping_status":"open","sticky":false,"template":"","format":"standard","meta":{"footnotes":""},"categories":[1],"tags":[],"_links":{"self":[{"href":"http:\/\/www.jorf.se\/index.php?rest_route=\/wp\/v2\/posts\/4061"}],"collection":[{"href":"http:\/\/www.jorf.se\/index.php?rest_route=\/wp\/v2\/posts"}],"about":[{"href":"http:\/\/www.jorf.se\/index.php?rest_route=\/wp\/v2\/types\/post"}],"author":[{"embeddable":true,"href":"http:\/\/www.jorf.se\/index.php?rest_route=\/wp\/v2\/users\/3"}],"replies":[{"embeddable":true,"href":"http:\/\/www.jorf.se\/index.php?rest_route=%2Fwp%2Fv2%2Fcomments&post=4061"}],"version-history":[{"count":5,"href":"http:\/\/www.jorf.se\/index.php?rest_route=\/wp\/v2\/posts\/4061\/revisions"}],"predecessor-version":[{"id":4067,"href":"http:\/\/www.jorf.se\/index.php?rest_route=\/wp\/v2\/posts\/4061\/revisions\/4067"}],"wp:attachment":[{"href":"http:\/\/www.jorf.se\/index.php?rest_route=%2Fwp%2Fv2%2Fmedia&parent=4061"}],"wp:term":[{"taxonomy":"category","embeddable":true,"href":"http:\/\/www.jorf.se\/index.php?rest_route=%2Fwp%2Fv2%2Fcategories&post=4061"},{"taxonomy":"post_tag","embeddable":true,"href":"http:\/\/www.jorf.se\/index.php?rest_route=%2Fwp%2Fv2%2Ftags&post=4061"}],"curies":[{"name":"wp","href":"https:\/\/api.w.org\/{rel}","templated":true}]}}