{"id":3985,"date":"2024-04-30T22:08:50","date_gmt":"2024-04-30T20:08:50","guid":{"rendered":"https:\/\/www.jorf.se\/?p=3985"},"modified":"2024-05-01T21:32:44","modified_gmt":"2024-05-01T19:32:44","slug":"fageltornskampen-och-fagelskadningens-dag","status":"publish","type":"post","link":"http:\/\/www.jorf.se\/?p=3985","title":{"rendered":"F\u00e5geltornskampen och F\u00e5gelsk\u00e5dningens dag"},"content":{"rendered":"\n<h3 class=\"wp-block-heading\">4 maj: F\u00e5geltornskampen Sverige &#8211; Finland<\/h3>\n\n\n\n<figure class=\"wp-block-image size-large\"><a href=\"http:\/\/www.jorf.se\/wp-content\/uploads\/2023\/05\/vastra-tornet-norra-Tysjon-scaled.jpg\"><img loading=\"lazy\" decoding=\"async\" width=\"1024\" height=\"776\" src=\"http:\/\/www.jorf.se\/wp-content\/uploads\/2023\/05\/vastra-tornet-norra-Tysjon-1024x776.jpg\" alt=\"\" class=\"wp-image-3641\" srcset=\"http:\/\/www.jorf.se\/wp-content\/uploads\/2023\/05\/vastra-tornet-norra-Tysjon-1024x776.jpg 1024w, http:\/\/www.jorf.se\/wp-content\/uploads\/2023\/05\/vastra-tornet-norra-Tysjon-300x227.jpg 300w, http:\/\/www.jorf.se\/wp-content\/uploads\/2023\/05\/vastra-tornet-norra-Tysjon-768x582.jpg 768w, http:\/\/www.jorf.se\/wp-content\/uploads\/2023\/05\/vastra-tornet-norra-Tysjon-1536x1163.jpg 1536w, http:\/\/www.jorf.se\/wp-content\/uploads\/2023\/05\/vastra-tornet-norra-Tysjon-2048x1551.jpg 2048w\" sizes=\"(max-width: 1024px) 100vw, 1024px\" \/><\/a><figcaption class=\"wp-element-caption\">F\u00e5geltornskampen ett tidigare \u00e5r vid Tysj\u00f6arna. Foto: Ulla Falkdalen<\/figcaption><\/figure>\n\n\n\n<p><strong>V\u00e4stra tornet i Tysj\u00f6arna, norra sj\u00f6n<\/strong>: 05:00 &#8211; 13:00. \u00d6ppet f\u00f6r alla att under dagen komma p\u00e5 bes\u00f6k. Info: Christer P\u00e5lsson, 070-648 59 70<\/p>\n\n\n\n<figure class=\"wp-block-image size-full\"><a href=\"https:\/\/www.jorf.se\/wp-content\/uploads\/2024\/05\/sikasganget_cr.jpg\"><img loading=\"lazy\" decoding=\"async\" width=\"717\" height=\"528\" src=\"https:\/\/www.jorf.se\/wp-content\/uploads\/2024\/05\/sikasganget_cr.jpg\" alt=\"\" class=\"wp-image-4002\" srcset=\"http:\/\/www.jorf.se\/wp-content\/uploads\/2024\/05\/sikasganget_cr.jpg 717w, http:\/\/www.jorf.se\/wp-content\/uploads\/2024\/05\/sikasganget_cr-300x221.jpg 300w\" sizes=\"(max-width: 717px) 100vw, 717px\" \/><\/a><figcaption class=\"wp-element-caption\">Bild fr\u00e5n Sik\u00e5stornet 2023. Invigning av det renoverade tornet samt deltagandet i F\u00e5geltornskampen. I laget V\u00e5garna ingick Tor, Robert och Marie. P\u00e5 bilden ser vi de mest aktiva sk\u00e5darna under dagen. Till \u00e5rets kamp f\u00f6rst\u00e4rker vi laget med Elisabeth, Joakim och Marianne.<br>P\u00e5 bilden fr\u00e5n v\u00e4nster Elisabeth Olsson Hedin, Bo Wik, Robert Jansson, Marie Griph, Tor Persson, Joakim Danielsson och Marianne Tengberg. Foto: Linda Spjut<\/figcaption><\/figure>\n\n\n\n<p><strong>Sik\u00e5stornet<\/strong>: 05:00 &#8211; 13:00. Info: Tor Persson, 070-686 96 23<\/p>\n\n\n\n<p><\/p>\n\n\n\n<h3 class=\"wp-block-heading\">5 maj: F\u00e5gelsk\u00e5dningens dag<\/h3>\n\n\n\n<p>F<strong>\u00e5gelsk\u00e5dning vid Fanbyviken, Sundsj\u00f6n:<\/strong> Kl 08.00. Info: Daniel Hedenbo, 070\u2013365 72 62<\/p>\n\n\n\n<figure class=\"wp-block-image size-large is-resized\"><a href=\"https:\/\/www.jorf.se\/wp-content\/uploads\/2024\/05\/Fanbyviken.jpg\"><img loading=\"lazy\" decoding=\"async\" width=\"1024\" height=\"768\" src=\"https:\/\/www.jorf.se\/wp-content\/uploads\/2024\/05\/Fanbyviken-1024x768.jpg\" alt=\"\" class=\"wp-image-3991\" style=\"width:840px;height:auto\" srcset=\"http:\/\/www.jorf.se\/wp-content\/uploads\/2024\/05\/Fanbyviken-1024x768.jpg 1024w, http:\/\/www.jorf.se\/wp-content\/uploads\/2024\/05\/Fanbyviken-300x225.jpg 300w, http:\/\/www.jorf.se\/wp-content\/uploads\/2024\/05\/Fanbyviken-768x576.jpg 768w, http:\/\/www.jorf.se\/wp-content\/uploads\/2024\/05\/Fanbyviken-1536x1152.jpg 1536w, http:\/\/www.jorf.se\/wp-content\/uploads\/2024\/05\/Fanbyviken.jpg 2048w\" sizes=\"(max-width: 1024px) 100vw, 1024px\" \/><\/a><figcaption class=\"wp-element-caption\">Fanbyviken Sundsj\u00f6n Foto: Daniel Hedenbo<\/figcaption><\/figure>\n\n\n\n<figure class=\"wp-block-image size-large\"><a href=\"https:\/\/www.jorf.se\/wp-content\/uploads\/2024\/05\/karta-Fanbyviken.jpg\"><img loading=\"lazy\" decoding=\"async\" width=\"1024\" height=\"448\" src=\"https:\/\/www.jorf.se\/wp-content\/uploads\/2024\/05\/karta-Fanbyviken-1024x448.jpg\" alt=\"\" class=\"wp-image-3994\" srcset=\"http:\/\/www.jorf.se\/wp-content\/uploads\/2024\/05\/karta-Fanbyviken-1024x448.jpg 1024w, http:\/\/www.jorf.se\/wp-content\/uploads\/2024\/05\/karta-Fanbyviken-300x131.jpg 300w, http:\/\/www.jorf.se\/wp-content\/uploads\/2024\/05\/karta-Fanbyviken-768x336.jpg 768w, http:\/\/www.jorf.se\/wp-content\/uploads\/2024\/05\/karta-Fanbyviken-1536x672.jpg 1536w, http:\/\/www.jorf.se\/wp-content\/uploads\/2024\/05\/karta-Fanbyviken.jpg 1690w\" sizes=\"(max-width: 1024px) 100vw, 1024px\" \/><\/a><figcaption class=\"wp-element-caption\">Karta Fanbyviken <a href=\"https:\/\/www.hitta.se\/kartan?search=Fanbyn%2C%20G%C3%A4ll%C3%B6&amp;st=single&amp;sst=plc&amp;sids=2000979928&amp;srb=0&amp;s=f05331ac\" target=\"_blank\" rel=\"noreferrer noopener\">https:\/\/www.hitta.se\/kartan?search=Fanbyn%2C%20G%C3%A4ll%C3%B6&amp;st=single&amp;sst=plc&amp;sids=2000979928&amp;srb=0&amp;s=f05331ac<\/a><\/figcaption><\/figure>\n\n\n\n<p><\/p>\n\n\n\n<p><strong>Samling vid Lillsj\u00f6n, Tullings\u00e5s:<\/strong> Kl 08:00.&nbsp;Info: Tor Persson, 070 &#8211; 686 96 23<\/p>\n","protected":false},"excerpt":{"rendered":"<p>4 maj: F\u00e5geltornskampen Sverige &#8211; Finland V\u00e4stra tornet i Tysj\u00f6arna, norra sj\u00f6n: 05:00 &#8211; 13:00. \u00d6ppet f\u00f6r alla att under dagen komma p\u00e5 bes\u00f6k. Info: Christer P\u00e5lsson, 070-648 59 70 Sik\u00e5stornet: 05:00 &#8211; 13:00. Info: Tor Persson, 070-686 96 23 5 maj: F\u00e5gelsk\u00e5dningens dag F\u00e5gelsk\u00e5dning vid Fanbyviken, Sundsj\u00f6n: Kl 08.00. Info: Daniel Hedenbo, 070\u2013365 72 [&hellip;]<\/p>\n","protected":false},"author":3,"featured_media":0,"comment_status":"open","ping_status":"open","sticky":false,"template":"","format":"standard","meta":{"footnotes":""},"categories":[1],"tags":[],"_links":{"self":[{"href":"http:\/\/www.jorf.se\/index.php?rest_route=\/wp\/v2\/posts\/3985"}],"collection":[{"href":"http:\/\/www.jorf.se\/index.php?rest_route=\/wp\/v2\/posts"}],"about":[{"href":"http:\/\/www.jorf.se\/index.php?rest_route=\/wp\/v2\/types\/post"}],"author":[{"embeddable":true,"href":"http:\/\/www.jorf.se\/index.php?rest_route=\/wp\/v2\/users\/3"}],"replies":[{"embeddable":true,"href":"http:\/\/www.jorf.se\/index.php?rest_route=%2Fwp%2Fv2%2Fcomments&post=3985"}],"version-history":[{"count":9,"href":"http:\/\/www.jorf.se\/index.php?rest_route=\/wp\/v2\/posts\/3985\/revisions"}],"predecessor-version":[{"id":4003,"href":"http:\/\/www.jorf.se\/index.php?rest_route=\/wp\/v2\/posts\/3985\/revisions\/4003"}],"wp:attachment":[{"href":"http:\/\/www.jorf.se\/index.php?rest_route=%2Fwp%2Fv2%2Fmedia&parent=3985"}],"wp:term":[{"taxonomy":"category","embeddable":true,"href":"http:\/\/www.jorf.se\/index.php?rest_route=%2Fwp%2Fv2%2Fcategories&post=3985"},{"taxonomy":"post_tag","embeddable":true,"href":"http:\/\/www.jorf.se\/index.php?rest_route=%2Fwp%2Fv2%2Ftags&post=3985"}],"curies":[{"name":"wp","href":"https:\/\/api.w.org\/{rel}","templated":true}]}}