{"id":3971,"date":"2024-04-26T10:20:22","date_gmt":"2024-04-26T08:20:22","guid":{"rendered":"https:\/\/www.jorf.se\/?p=3971"},"modified":"2024-04-26T11:13:08","modified_gmt":"2024-04-26T09:13:08","slug":"nytt-nummer-av-fijh-pa-gang-2","status":"publish","type":"post","link":"http:\/\/www.jorf.se\/?p=3971","title":{"rendered":"Nytt nummer av FiJH p\u00e5 g\u00e5ng!"},"content":{"rendered":"\n<figure class=\"wp-block-image size-full\"><a href=\"https:\/\/www.jorf.se\/wp-content\/uploads\/2024\/04\/Omslag-2024_1_grasiska.jpg\"><img loading=\"lazy\" decoding=\"async\" width=\"380\" height=\"529\" src=\"https:\/\/www.jorf.se\/wp-content\/uploads\/2024\/04\/Omslag-2024_1_grasiska.jpg\" alt=\"\" class=\"wp-image-3972\" srcset=\"http:\/\/www.jorf.se\/wp-content\/uploads\/2024\/04\/Omslag-2024_1_grasiska.jpg 380w, http:\/\/www.jorf.se\/wp-content\/uploads\/2024\/04\/Omslag-2024_1_grasiska-216x300.jpg 216w\" sizes=\"(max-width: 380px) 100vw, 380px\" \/><\/a><\/figure>\n\n\n\n<p>I maj kommer v\u00e5rnumret av &#8221;F\u00e5glar i J\u00e4mtland-H\u00e4rjedalen&#8221;. Den nya redakt\u00f6ren Andreas Eriksson \u00e4r en duktig naturfotograf och har med flera fina f\u00e5gelbilder i detta nummer, bla gr\u00e5siskan p\u00e5 uppslaget. P\u00e5 tidningens baksida finns den nya dikten &#8221;Tranorna&#8221; med bild skapad av poeten och J\u00e4mtlandskonstn\u00e4ren Lena Deimo. Tidningen inneh\u00e5ller mycket bra information bl.a. om hur man rapporterar f\u00e5glar p\u00e5 Artportalen, samt information om takh\u00e4ckande f\u00e5glar och vitryggig hackspett som vi ska h\u00e5lla utkik efter. <\/p>\n\n\n\n<p>F\u00f6r att vi ska ha r\u00e5d att forts\u00e4tta ge ut tidningen beh\u00f6ver vi fler medlemmar! N\u00e5gra medlemmar har tyv\u00e4rr missat att betala avin som kom via BirdLife Sverige tidigare i \u00e5r. Vi uppmanar alla v\u00e5ra medlemmar att kontrollera om \u00e5rsavgiften \u00e4r betald. Nya medlemmar kan betala direkt till oss p\u00e5 JORF p\u00e5 plusgiro 860309-4 f\u00f6r att vara s\u00e4kra p\u00e5 att ni hinner f\u00e5 detta nummer av tidningen i maj. \u00c5rsavgiften som inkluderar v\u00e5r tidning F\u00e5glar i J\u00e4mtland-H\u00e4rjedalen kostar 180 kr. Den som \u00f6nskar f\u00e5 tidningen digitalt kan meddela detta per mejl p\u00e5 e-postadress info(at) jorf.se<\/p>\n\n\n\n<p><\/p>\n","protected":false},"excerpt":{"rendered":"<p>I maj kommer v\u00e5rnumret av &#8221;F\u00e5glar i J\u00e4mtland-H\u00e4rjedalen&#8221;. Den nya redakt\u00f6ren Andreas Eriksson \u00e4r en duktig naturfotograf och har med flera fina f\u00e5gelbilder i detta nummer, bla gr\u00e5siskan p\u00e5 uppslaget. P\u00e5 tidningens baksida finns den nya dikten &#8221;Tranorna&#8221; med bild skapad av poeten och J\u00e4mtlandskonstn\u00e4ren Lena Deimo. Tidningen inneh\u00e5ller mycket bra information bl.a. om hur [&hellip;]<\/p>\n","protected":false},"author":3,"featured_media":0,"comment_status":"open","ping_status":"open","sticky":false,"template":"","format":"standard","meta":{"footnotes":""},"categories":[1],"tags":[],"_links":{"self":[{"href":"http:\/\/www.jorf.se\/index.php?rest_route=\/wp\/v2\/posts\/3971"}],"collection":[{"href":"http:\/\/www.jorf.se\/index.php?rest_route=\/wp\/v2\/posts"}],"about":[{"href":"http:\/\/www.jorf.se\/index.php?rest_route=\/wp\/v2\/types\/post"}],"author":[{"embeddable":true,"href":"http:\/\/www.jorf.se\/index.php?rest_route=\/wp\/v2\/users\/3"}],"replies":[{"embeddable":true,"href":"http:\/\/www.jorf.se\/index.php?rest_route=%2Fwp%2Fv2%2Fcomments&post=3971"}],"version-history":[{"count":8,"href":"http:\/\/www.jorf.se\/index.php?rest_route=\/wp\/v2\/posts\/3971\/revisions"}],"predecessor-version":[{"id":3982,"href":"http:\/\/www.jorf.se\/index.php?rest_route=\/wp\/v2\/posts\/3971\/revisions\/3982"}],"wp:attachment":[{"href":"http:\/\/www.jorf.se\/index.php?rest_route=%2Fwp%2Fv2%2Fmedia&parent=3971"}],"wp:term":[{"taxonomy":"category","embeddable":true,"href":"http:\/\/www.jorf.se\/index.php?rest_route=%2Fwp%2Fv2%2Fcategories&post=3971"},{"taxonomy":"post_tag","embeddable":true,"href":"http:\/\/www.jorf.se\/index.php?rest_route=%2Fwp%2Fv2%2Ftags&post=3971"}],"curies":[{"name":"wp","href":"https:\/\/api.w.org\/{rel}","templated":true}]}}