{"id":3285,"date":"2021-05-31T17:08:04","date_gmt":"2021-05-31T15:08:04","guid":{"rendered":"http:\/\/www.jorf.se\/?p=3285"},"modified":"2021-05-31T17:36:15","modified_gmt":"2021-05-31T15:36:15","slug":"jorf-arsmote-pa-annsjodagen","status":"publish","type":"post","link":"http:\/\/www.jorf.se\/?p=3285","title":{"rendered":"JORF \u00c5rsm\u00f6te p\u00e5 \u00c5nnsj\u00f6dagen 5 juni"},"content":{"rendered":"\n<p><strong>\u00c5nnsj\u00f6dagen<\/strong> med guider i f\u00e5geltorn och g\u00f6mslen i \u00c5nn. <strong>Kl. 7-11 L\u00f6rdag 5 juni<\/strong>. Det blir pga Coronapandemin inget &#8221;\u00d6ppet Hus&#8221; p\u00e5 f\u00e5gelstationen i Hand\u00f6l p\u00e5 \u00c5nnsj\u00f6dagen eller n\u00e5gra andra anordnade aktiviteter.<\/p>\n\n\n\n<p>Kontaktperson: Thomas Holmberg 073-0583630<\/p>\n\n\n\n<p><strong>\u00c5RSM\u00d6TE I JORF<\/strong><\/p>\n\n\n\n<p>I samband med \u00c5nnsj\u00f6dagen 5 juni h\u00e5ller JORF \u00e5rsm\u00f6te utomhus p\u00e5 N\u00e4taholmen, \u00c5nn. Tid: kl 13.<\/p>\n\n\n<p><!--EndFragment--><\/p>\n<p><\/p>\n\n\n<figure class=\"wp-block-image\"><img loading=\"lazy\" decoding=\"async\" width=\"1024\" height=\"683\" src=\"http:\/\/www.jorf.se\/wp-content\/uploads\/2021\/05\/Utsikt-N\u00e4taholmen-SD-2021_maj-1024x683.jpg\" alt=\"\" class=\"wp-image-3287\" srcset=\"http:\/\/www.jorf.se\/wp-content\/uploads\/2021\/05\/Utsikt-N\u00e4taholmen-SD-2021_maj-1024x683.jpg 1024w, http:\/\/www.jorf.se\/wp-content\/uploads\/2021\/05\/Utsikt-N\u00e4taholmen-SD-2021_maj-300x200.jpg 300w, http:\/\/www.jorf.se\/wp-content\/uploads\/2021\/05\/Utsikt-N\u00e4taholmen-SD-2021_maj-768x512.jpg 768w\" sizes=\"(max-width: 1024px) 100vw, 1024px\" \/><figcaption>Utsikt fr\u00e5n f\u00e5geltornet p\u00e5 N\u00e4taholmen i \u00c5nn. Foto: Steve Dahlfors<\/figcaption><\/figure>\n\n\n\n<p><\/p>\n","protected":false},"excerpt":{"rendered":"<p>\u00c5nnsj\u00f6dagen med guider i f\u00e5geltorn och g\u00f6mslen i \u00c5nn. Kl. 7-11 L\u00f6rdag 5 juni. Det blir pga Coronapandemin inget &#8221;\u00d6ppet Hus&#8221; p\u00e5 f\u00e5gelstationen i Hand\u00f6l p\u00e5 \u00c5nnsj\u00f6dagen eller n\u00e5gra andra anordnade aktiviteter. Kontaktperson: Thomas Holmberg 073-0583630 \u00c5RSM\u00d6TE I JORF I samband med \u00c5nnsj\u00f6dagen 5 juni h\u00e5ller JORF \u00e5rsm\u00f6te utomhus p\u00e5 N\u00e4taholmen, \u00c5nn. Tid: kl 13.<\/p>\n","protected":false},"author":3,"featured_media":0,"comment_status":"open","ping_status":"open","sticky":false,"template":"","format":"standard","meta":{"footnotes":""},"categories":[1],"tags":[],"_links":{"self":[{"href":"http:\/\/www.jorf.se\/index.php?rest_route=\/wp\/v2\/posts\/3285"}],"collection":[{"href":"http:\/\/www.jorf.se\/index.php?rest_route=\/wp\/v2\/posts"}],"about":[{"href":"http:\/\/www.jorf.se\/index.php?rest_route=\/wp\/v2\/types\/post"}],"author":[{"embeddable":true,"href":"http:\/\/www.jorf.se\/index.php?rest_route=\/wp\/v2\/users\/3"}],"replies":[{"embeddable":true,"href":"http:\/\/www.jorf.se\/index.php?rest_route=%2Fwp%2Fv2%2Fcomments&post=3285"}],"version-history":[{"count":4,"href":"http:\/\/www.jorf.se\/index.php?rest_route=\/wp\/v2\/posts\/3285\/revisions"}],"predecessor-version":[{"id":3290,"href":"http:\/\/www.jorf.se\/index.php?rest_route=\/wp\/v2\/posts\/3285\/revisions\/3290"}],"wp:attachment":[{"href":"http:\/\/www.jorf.se\/index.php?rest_route=%2Fwp%2Fv2%2Fmedia&parent=3285"}],"wp:term":[{"taxonomy":"category","embeddable":true,"href":"http:\/\/www.jorf.se\/index.php?rest_route=%2Fwp%2Fv2%2Fcategories&post=3285"},{"taxonomy":"post_tag","embeddable":true,"href":"http:\/\/www.jorf.se\/index.php?rest_route=%2Fwp%2Fv2%2Ftags&post=3285"}],"curies":[{"name":"wp","href":"https:\/\/api.w.org\/{rel}","templated":true}]}}