{"id":2904,"date":"2019-04-27T03:44:27","date_gmt":"2019-04-27T01:44:27","guid":{"rendered":"http:\/\/www.jorf.se\/?p=2904"},"modified":"2019-04-29T20:38:54","modified_gmt":"2019-04-29T18:38:54","slug":"4e-och-5e-maj","status":"publish","type":"post","link":"http:\/\/www.jorf.se\/?p=2904","title":{"rendered":"4:e och 5:e maj"},"content":{"rendered":"\n<p><strong>4 maj Nordiska F\u00e5geltornskampen&nbsp; &nbsp; &nbsp; &nbsp; &nbsp; &nbsp; &nbsp; &nbsp; &nbsp; &nbsp; &nbsp; &nbsp; &nbsp; &nbsp; &nbsp; &nbsp; &nbsp; &nbsp; &nbsp; &nbsp; &nbsp; &nbsp; &nbsp; &nbsp; &nbsp; &nbsp; &nbsp; &nbsp; &nbsp; &nbsp; &nbsp; &nbsp; &nbsp; &nbsp; &nbsp; &nbsp; &nbsp; &nbsp; &nbsp; &nbsp; &nbsp; &nbsp; &nbsp; &nbsp; &nbsp; &nbsp; &nbsp; &nbsp; &nbsp; &nbsp; &nbsp; &nbsp; &nbsp; &nbsp; &nbsp; &nbsp;<\/strong><\/p>\n\n\n\n<p>Plats 1: Tysj\u00f6arna, Norra tornet<\/p>\n\n\n\n<p>Tid: 05.00-12.00 eller n\u00e4r du vill under den tiden, Kontakt: Christer P\u00e5lsson 070-6485970<\/p>\n\n\n\n<p>Plats 2: F\u00e5geltornet Lillsj\u00f6n Tullings\u00e5s, Str\u00f6msund<\/p>\n\n\n\n<p>Tid: 05.00-12.00 eller n\u00e4r du vill under den tiden, Kontakt: Tor Persson 070-686 96 23<\/p>\n\n\n\n<p><strong>5 maj, F\u00e5gelsk\u00e5dningens dag&nbsp;&nbsp;&nbsp;&nbsp;&nbsp;&nbsp;&nbsp;&nbsp;&nbsp;&nbsp;&nbsp;&nbsp;&nbsp;&nbsp;&nbsp;&nbsp;&nbsp;&nbsp;&nbsp;&nbsp;&nbsp;&nbsp;&nbsp;&nbsp;&nbsp;&nbsp;&nbsp;&nbsp;&nbsp;&nbsp;&nbsp;&nbsp;&nbsp;&nbsp;&nbsp; &nbsp;&nbsp;&nbsp;&nbsp;&nbsp;&nbsp;&nbsp;&nbsp;&nbsp;&nbsp;&nbsp;&nbsp;&nbsp;&nbsp;&nbsp;&nbsp;&nbsp;&nbsp;&nbsp;&nbsp;&nbsp;&nbsp;&nbsp;&nbsp;&nbsp;&nbsp;&nbsp;&nbsp;&nbsp;&nbsp;&nbsp;&nbsp;&nbsp;&nbsp;&nbsp;&nbsp;&nbsp;&nbsp;&nbsp;&nbsp;&nbsp;&nbsp;&nbsp;&nbsp;&nbsp;&nbsp;&nbsp;&nbsp;&nbsp;&nbsp;&nbsp;&nbsp;&nbsp;&nbsp;&nbsp;&nbsp;&nbsp;&nbsp;&nbsp;&nbsp;&nbsp;&nbsp;&nbsp;&nbsp;&nbsp;&nbsp;&nbsp;&nbsp;&nbsp;&nbsp;&nbsp;&nbsp;&nbsp;<\/strong><\/p>\n\n\n\n<p>Plats 1: \u00c4ndsj\u00f6n, Fr\u00f6s\u00f6n Samling p\u00e5 parkeringen vid  L\u00f6vsta f\u00f6retagscenter, L\u00f6vstav\u00e4gen 1<br>Tid: 08.00 Kontakt, Elisabeth Marklund, 073-0415992<\/p>\n\n\n\n<p>Plats 2: F\u00e5geltornet Lillsj\u00f6n Tullings\u00e5s, Str\u00f6msund.<br>Tid 6:00 \u2013 10:00 Kontakt, Robert Jansson 070-2341070, Tor Persson 070-686 96 23<\/p>\n\n\n\n<p>Plats 3: Br\u00e4cke Eldtj\u00e4rn \u00d6stra sidan.<\/p>\n\n\n\n<p>Tid 08.00 Kontakt J\u00f6rgen Andersson 070-656 17 58<\/p>\n","protected":false},"excerpt":{"rendered":"<p>4 maj Nordiska F\u00e5geltornskampen&nbsp; &nbsp; &nbsp; &nbsp; &nbsp; &nbsp; &nbsp; &nbsp; &nbsp; &nbsp; &nbsp; &nbsp; &nbsp; &nbsp; &nbsp; &nbsp; &nbsp; &nbsp; &nbsp; &nbsp; &nbsp; &nbsp; &nbsp; &nbsp; &nbsp; &nbsp; &nbsp; &nbsp; &nbsp; &nbsp; &nbsp; &nbsp; &nbsp; &nbsp; &nbsp; &nbsp; &nbsp; &nbsp; &nbsp; &nbsp; &nbsp; &nbsp; &nbsp; &nbsp; &nbsp; &nbsp; &nbsp; &nbsp; &nbsp; &nbsp; &nbsp; &nbsp; [&hellip;]<\/p>\n","protected":false},"author":3,"featured_media":0,"comment_status":"open","ping_status":"open","sticky":false,"template":"","format":"standard","meta":{"footnotes":""},"categories":[1],"tags":[],"_links":{"self":[{"href":"http:\/\/www.jorf.se\/index.php?rest_route=\/wp\/v2\/posts\/2904"}],"collection":[{"href":"http:\/\/www.jorf.se\/index.php?rest_route=\/wp\/v2\/posts"}],"about":[{"href":"http:\/\/www.jorf.se\/index.php?rest_route=\/wp\/v2\/types\/post"}],"author":[{"embeddable":true,"href":"http:\/\/www.jorf.se\/index.php?rest_route=\/wp\/v2\/users\/3"}],"replies":[{"embeddable":true,"href":"http:\/\/www.jorf.se\/index.php?rest_route=%2Fwp%2Fv2%2Fcomments&post=2904"}],"version-history":[{"count":2,"href":"http:\/\/www.jorf.se\/index.php?rest_route=\/wp\/v2\/posts\/2904\/revisions"}],"predecessor-version":[{"id":2907,"href":"http:\/\/www.jorf.se\/index.php?rest_route=\/wp\/v2\/posts\/2904\/revisions\/2907"}],"wp:attachment":[{"href":"http:\/\/www.jorf.se\/index.php?rest_route=%2Fwp%2Fv2%2Fmedia&parent=2904"}],"wp:term":[{"taxonomy":"category","embeddable":true,"href":"http:\/\/www.jorf.se\/index.php?rest_route=%2Fwp%2Fv2%2Fcategories&post=2904"},{"taxonomy":"post_tag","embeddable":true,"href":"http:\/\/www.jorf.se\/index.php?rest_route=%2Fwp%2Fv2%2Ftags&post=2904"}],"curies":[{"name":"wp","href":"https:\/\/api.w.org\/{rel}","templated":true}]}}