{"id":2444,"date":"2016-09-05T10:48:43","date_gmt":"2016-09-05T08:48:43","guid":{"rendered":"http:\/\/www.jorf.se\/?p=2444"},"modified":"2016-09-22T22:42:53","modified_gmt":"2016-09-22T20:42:53","slug":"hostprogram-2016","status":"publish","type":"post","link":"http:\/\/www.jorf.se\/?p=2444","title":{"rendered":"H\u00f6stprogram 2016\/ prelimin\u00e4rt v\u00e5rprogram 2017"},"content":{"rendered":"<p><strong>H\u00f6sten 2016<\/strong><\/p>\n<p><strong>Storn\u00e4set 10 september.<\/strong>\u00a0 Thomas Holmberg tar emot j\u00e4mtar som vill se f\u00e5gelstr\u00e4ck m.m. vid Medelpadskusten. Anm\u00e4lan och mer info.\u00a0 Thomas Holmberg tel. 073-058 36 30<\/p>\n<p><strong>Euro Bird Watch 1-2 oktober.<\/strong>\u00a0F\u00e5gelsk\u00e5dare i 36 l\u00e4nder rapporterar framf\u00f6rallt flyttf\u00e5glar under helgen. Du kan sj\u00e4lv rapportera dina iakttagelser p\u00e5 Artportalen, d\u00e4r du ocks\u00e5 kan f\u00f6lja vilka arter som rapporteras mest.<\/p>\n<p><strong>29 oktober H\u00f6stm\u00f6te JORF p\u00e5 \u00d6stersunds bibliotek 13.00 <\/strong>Thomas Holmberg m. fl. redog\u00f6r f\u00f6r ringm\u00e4rkningen p\u00e5 Fr\u00f6s\u00f6n och \u00c5nnsj\u00f6n, Christer P\u00e5lsson visar f\u00e5gelbilder. Diskussion kring v\u00e5tmarksprojektet i Tysj\u00f6arna \u2013 hur ser konsekvenserna f\u00f6r f\u00e5gellivet ut?<\/p>\n<p><strong>19 november Artrally. (OBS nytt Datum) <\/strong>Regler: T\u00e4vlingen p\u00e5g\u00e5r mellan 06.00-18.00. Alla arter man ser eller h\u00f6r r\u00e4knas. Ett lag best\u00e5r av minst 2 personer. Mer \u00e4n halva laget ska identifiera f\u00e5geln. \u00c4r man 3 personer ska minst 2 identifiera den osv. Flest arter vinner. Redovisning sker p\u00e5 Gr\u00f6tfesten, se nedan. Anm\u00e4lan till Christer P\u00e5lsson,\u00a0chrpal56 (at) gmail.com<\/p>\n<p><strong>7 december Gr\u00f6tfesten. Studiefr\u00e4mjandets lokaler kl. 18.00 <\/strong>Artrallyt redovisas. Torsten Green Petersen visar sina fantastiska f\u00e5gelbilder fr\u00e5n Spanien. Anm\u00e4lan p\u00e5\u00a0 tel. 063-402 99 Elisabeth Marklund.<\/p>\n<p>&nbsp;<\/p>\n<p><strong>Prelimin\u00e4rt v\u00e5rprogram 2017<\/strong><\/p>\n<p><strong>18 februari \u00c5rsm\u00f6te JORF kl. 13.00 p\u00e5 \u00d6stersunds Bibliotek<\/strong><\/p>\n<p><strong>6-7 maj F\u00e5geltornskampen med F\u00e5gelsk\u00e5dningens Dag. <\/strong>Tysj\u00f6arnas Norra torn, F\u00e5geltornskamp den 6\/5, mellan 05.00-12.00. F\u00e5gelsk\u00e5dningens Dag kl. 08.00 p\u00e5 tornen vid Tysj\u00f6arna, Mattmartj\u00e4rnen, Tullings\u00e5s, m fl. Lars Arvidsson<\/p>\n<p><strong>20 maj St\u00e5rsans f\u00e5gelsk\u00e5dningsdag. <\/strong>Samling Badhusparken 18.00 Information och anm\u00e4lan\u00a0Elisabeth Marklund tel.063-40299<\/p>\n<p><strong>3 juni \u00c5nnsj\u00f6dagen<\/strong><\/p>\n<p>&nbsp;<\/p>\n<p>&nbsp;<\/p>\n<p>&nbsp;<\/p>\n<p>&nbsp;<\/p>\n<p>&nbsp;<\/p>\n<p>&nbsp;<\/p>\n<p>&nbsp;<\/p>\n<p>&nbsp;<\/p>\n<p>&nbsp;<\/p>\n<p>&nbsp;<\/p>\n<p>&nbsp;<\/p>\n<p>&nbsp;<\/p>\n<p>&nbsp;<\/p>\n<p>&nbsp;<\/p>\n<p>&nbsp;<\/p>\n<p>&nbsp;<\/p>\n<p>&nbsp;<\/p>\n<p>&nbsp;<\/p>\n<p>&nbsp;<\/p>\n<p>&nbsp;<\/p>\n<p>&nbsp;<\/p>\n<p>&nbsp;<\/p>\n<p>&nbsp;<\/p>\n<p>&nbsp;<\/p>\n<p>&nbsp;<\/p>\n","protected":false},"excerpt":{"rendered":"<p>H\u00f6sten 2016 Storn\u00e4set 10 september.\u00a0 Thomas Holmberg tar emot j\u00e4mtar som vill se f\u00e5gelstr\u00e4ck m.m. vid Medelpadskusten. Anm\u00e4lan och mer info.\u00a0 Thomas Holmberg tel. 073-058 36 30 Euro Bird Watch 1-2 oktober.\u00a0F\u00e5gelsk\u00e5dare i 36 l\u00e4nder rapporterar framf\u00f6rallt flyttf\u00e5glar under helgen. Du kan sj\u00e4lv rapportera dina iakttagelser p\u00e5 Artportalen, d\u00e4r du ocks\u00e5 kan f\u00f6lja vilka arter [&hellip;]<\/p>\n","protected":false},"author":74,"featured_media":0,"comment_status":"open","ping_status":"open","sticky":false,"template":"","format":"standard","meta":{"footnotes":""},"categories":[1],"tags":[],"_links":{"self":[{"href":"http:\/\/www.jorf.se\/index.php?rest_route=\/wp\/v2\/posts\/2444"}],"collection":[{"href":"http:\/\/www.jorf.se\/index.php?rest_route=\/wp\/v2\/posts"}],"about":[{"href":"http:\/\/www.jorf.se\/index.php?rest_route=\/wp\/v2\/types\/post"}],"author":[{"embeddable":true,"href":"http:\/\/www.jorf.se\/index.php?rest_route=\/wp\/v2\/users\/74"}],"replies":[{"embeddable":true,"href":"http:\/\/www.jorf.se\/index.php?rest_route=%2Fwp%2Fv2%2Fcomments&post=2444"}],"version-history":[{"count":17,"href":"http:\/\/www.jorf.se\/index.php?rest_route=\/wp\/v2\/posts\/2444\/revisions"}],"predecessor-version":[{"id":2467,"href":"http:\/\/www.jorf.se\/index.php?rest_route=\/wp\/v2\/posts\/2444\/revisions\/2467"}],"wp:attachment":[{"href":"http:\/\/www.jorf.se\/index.php?rest_route=%2Fwp%2Fv2%2Fmedia&parent=2444"}],"wp:term":[{"taxonomy":"category","embeddable":true,"href":"http:\/\/www.jorf.se\/index.php?rest_route=%2Fwp%2Fv2%2Fcategories&post=2444"},{"taxonomy":"post_tag","embeddable":true,"href":"http:\/\/www.jorf.se\/index.php?rest_route=%2Fwp%2Fv2%2Ftags&post=2444"}],"curies":[{"name":"wp","href":"https:\/\/api.w.org\/{rel}","templated":true}]}}