{"id":227,"date":"2009-07-29T15:59:57","date_gmt":"2009-07-29T14:59:57","guid":{"rendered":"http:\/\/www.jorf.se\/?p=227"},"modified":"2009-12-12T16:16:28","modified_gmt":"2009-12-12T15:16:28","slug":"yttrande-angaende-planerad-vindkraftanlaggning-pa-middagsfjallet-i-are-kommun","status":"publish","type":"post","link":"http:\/\/www.jorf.se\/?p=227","title":{"rendered":"Yttrande ang\u00e5ende planerad vindkraftanl\u00e4ggning p\u00e5 Middagsfj\u00e4llet i \u00c5re kommun"},"content":{"rendered":"<p><strong>Yttrande ang\u00e5ende planerad vindkraftanl\u00e4ggning p\u00e5 Middagsfj\u00e4llet i \u00c5re kommun. Diarienummer 551-13949-08<\/strong><\/p>\n<p>J\u00e4mtlands l\u00e4ns ornitologiska f\u00f6rening har tidigare yttrat sig under samr\u00e5dsperioden till Fred. Olsen Renewables via Milj\u00f6tj\u00e4nst Nord. I det yttrandet p\u00e5pekade JORF att Middagsfj\u00e4llet inte \u00e4r l\u00e4mpligt f\u00f6r anl\u00e4ggande av n\u00e5gon vindkraftanl\u00e4ggning. Detta har f\u00f6retaget underl\u00e5tit att ange i samr\u00e5dsredog\u00f6relsen! Vi vill h\u00e4rmed klarg\u00f6ra att JORF s\u00e4ger nej till att en vindkraftanl\u00e4ggning byggs p\u00e5 Middagsfj\u00e4llet! <\/p>\n<p>Den k\u00e4nsliga fj\u00e4llmilj\u00f6n l\u00e4mpar sig inte f\u00f6r vindkraftanl\u00e4ggningar. Middagsfj\u00e4llet \u00e4r ocks\u00e5 ett speciellt rikt f\u00e5gelomr\u00e5de med m\u00e5nga f\u00e5gelarter. D\u00e4r finns bla m\u00e5nga vadarf\u00e5glar som speciellt under i sin spelflykt kan riskera att kollidera med vindkraftverken. Omr\u00e5det hyser ocks\u00e5 andra f\u00e5glar som kan vara speciellt utsatta f\u00f6r kollisionsrisker, s\u00e5som fj\u00e4llabb och olika rovf\u00e5glar som jagar i omr\u00e5det. <\/p>\n<p>Middagsfj\u00e4llet \u00e4r viktigt f\u00f6r den s\u00e4llsynta dubbelbeckasinen som \u00e4r b\u00e5de r\u00f6dlistad och betecknas som s\u00e4rskilt skyddsv\u00e4rd. Vindkraftf\u00f6retaget menar att spelplatserna finns \u201dp\u00e5 betryggande avst\u00e5nd\u201d fr\u00e5n vindparken, men det \u00e4r felaktigt att kalla det betryggande.  Forskning har visat att dubbelbeckasiner flyger mellan olika spelplatser. Dessutom befinner sig dubbelbeckasinerna sj\u00e4lvfallet inte dygnet runt p\u00e5 sj\u00e4lva spelplatserna. Spelet f\u00f6reg\u00e5r nattetid, s\u00e5 under andra tider p\u00e5 dygnet befinner sig beckasinerna p\u00e5 andra platser i omr\u00e5det. Exakt var de befinner sig n\u00e4r de inte spelar och var de flyger i omr\u00e5det \u00e4r inte unders\u00f6kt. Tidigt p\u00e5 v\u00e5ren innan sn\u00f6n sm\u00e4lt bort p\u00e5 sj\u00e4lva spelplatserna befinner sig dubbelbeckasinerna p\u00e5 sn\u00f6fria fl\u00e4ckar. Omr\u00e5den som sm\u00e4lter tidigt p\u00e5 v\u00e5ren finns i det planerade vindkraftomr\u00e5det, varf\u00f6r man kan anta att dubbelbeckasinerna tidvis kan befinna sig i vindkraftanl\u00e4ggningen och d\u00e5 riskera att kollidera med vindturbinerna.<\/p>\n<p>I utredningens f\u00e5gelinventering fr\u00e5n 2007 framg\u00e5r att \u201dsluttningarna runt fj\u00e4llet vid tr\u00e4dgr\u00e4nsen har visat sig vara av utm\u00e4rkt biotop f\u00f6r dubbelbeckasiner och det \u00e4r troligt att flera lekar finns inom omr\u00e5det\u201d f\u00f6rutom de fyra spelplatser som hittades i omr\u00e5det. JORF p\u00e5pekade i sin tidigare skrivelse att ytterligare inventeringar av dubbelbeckasin b\u00f6r g\u00f6ras vid Middagsfj\u00e4llet. Detta krav har uppenbarligen inte h\u00f6rsammats trots att arten kr\u00e4ver speciellt skydd och h\u00e4nsyn. Robert Ekblom, PhD vid Uppsala universitet bed\u00f6mer utifr\u00e5n granskning av vegetationskartor att  Middagsfj\u00e4llet kan vara det b\u00e4sta omr\u00e5det i landet f\u00f6r dubbelbeckasiner och misst\u00e4nker att d\u00e4r finns Sveriges h\u00f6gsta t\u00e4thet av spelplatser. Det \u00e4r troligt att de fyra hittade spelplatserna bara \u00e4r ett skrap p\u00e5 ytan av vad som verkligen finns runt Middagsfj\u00e4llet, s\u00e5 det \u00e4r viktigt att det g\u00f6rs ytterligare unders\u00f6kningar av dubbelbeckasinens f\u00f6rekomst vid Middagsfj\u00e4llet. Dubbelbeckasin \u00e4r r\u00f6dlistad som missgynnad av Naturv\u00e5rdsverket och dessutom uppsatt som skyddsv\u00e4rd p\u00e5 EU:s Annex 1-lista. Dubbelbeckasinspelplatserna finns p\u00e5 sluttande v\u00e5tmarker d\u00e4r vatten st\u00e4ndigt tillf\u00f6rs fr\u00e5n h\u00f6gre liggande mark. En omfattande utbyggnad av vindturbiner p\u00e5 fj\u00e4llet och tillh\u00f6rande v\u00e4gdragningar skulle kunna st\u00f6ra dessa vattensystem och d\u00e4rmed f\u00f6rorsaka att spelplatser f\u00f6rsvinner. Sediment kan ocks\u00e5 riskera att hamna p\u00e5 spelplatserna vilket sannolikt skulle spoliera spelplatserna som kr\u00e4ver viss typ av vegetation f\u00f6r att passa dubbelbeckasinerna. Deras f\u00f6dos\u00f6ksomr\u00e5den \u00e4r naturligtvis ocks\u00e5 k\u00e4nsliga och f\u00e5r inte tillf\u00f6ras sediment fr\u00e5n byggnadsarbeten h\u00f6gre upp p\u00e5 fj\u00e4llet.<\/p>\n<p>F\u00f6rutom denna k\u00e4nsliga art, finns ytterligare f\u00e5gelarter som \u00e4r s\u00e4rskilt skyddsv\u00e4rda enligt F\u00e5geldirektivets Annex 1-lista (R\u00e5dets direktiv 79\/409\/EEG ) eller som \u00e4r r\u00f6dlistade enligt Artdatabankens &#8221;R\u00f6dlistade arter i Sverige 2005&#8221;.  Det g\u00e4ller exempelvis fj\u00e4llpipare, ljungpipare, mosn\u00e4ppa, gr\u00f6nbena, stenfalk, jaktfalk, bl\u00e5hake och stenskv\u00e4tta.<br \/>\nJaktfalkinventeringen som genomf\u00f6rts visar att flera revir tangerar vindkraftparken och att det planerade vindkraftomr\u00e5det nyttjas som jaktomr\u00e5de f\u00f6r jaktfalkar. F\u00f6retagets p\u00e5st\u00e5ende att jaktfalkar \u201df\u00f6r f\u00f6rsta g\u00e5ngen\u201d p\u00e5tr\u00e4ffas p\u00e5 Middagsfj\u00e4llet, g\u00e4ller enbart under de tillf\u00e4llen som f\u00e5gelinventeringen f\u00f6r vindparken p\u00e5gick. Sj\u00e4lvfallet har jaktfalk setts m\u00e5nga g\u00e5nger tidigare vid Middagsfj\u00e4llet av bes\u00f6kare i omr\u00e5det. Detta faktum g\u00e4ller \u00e4ven kungs\u00f6rn och andra rovf\u00e5glar.<\/p>\n<p>Det finns m\u00e5nga starka sk\u00e4l ur f\u00e5gelskyddssynpunkt som talar emot utbyggnad av vindkraftverk p\u00e5 Middagsfj\u00e4llet s\u00e5 JORF \u00f6nskar att den planerade vindkraftsanl\u00e4ggningen inte erh\u00e5ller tillst\u00e5nd att uppf\u00f6ras.<\/p>\n<p>J\u00e4mtlands l\u00e4ns ornitologiska f\u00f6rening<\/p>\n<p>Lars Arvidsson\/styrelsen<\/p>\n<p><a href=\"\/dokument\/JORF yttr_ Miljopr_Middagsfj_.pdf\"><em>Ladda ner dokumentet som pdf \u00bb<\/em><\/a><\/p>\n","protected":false},"excerpt":{"rendered":"<p>Yttrande ang\u00e5ende planerad vindkraftanl\u00e4ggning p\u00e5 Middagsfj\u00e4llet i \u00c5re kommun. Diarienummer 551-13949-08 J\u00e4mtlands l\u00e4ns ornitologiska f\u00f6rening har tidigare yttrat sig under samr\u00e5dsperioden till Fred. Olsen Renewables via Milj\u00f6tj\u00e4nst Nord. I det yttrandet p\u00e5pekade JORF att Middagsfj\u00e4llet inte \u00e4r l\u00e4mpligt f\u00f6r anl\u00e4ggande av n\u00e5gon vindkraftanl\u00e4ggning. Detta har f\u00f6retaget underl\u00e5tit att ange i samr\u00e5dsredog\u00f6relsen! Vi vill h\u00e4rmed klarg\u00f6ra [&hellip;]<\/p>\n","protected":false},"author":1,"featured_media":0,"comment_status":"open","ping_status":"open","sticky":false,"template":"","format":"standard","meta":{"footnotes":""},"categories":[21],"tags":[27,26,25,23,38],"_links":{"self":[{"href":"http:\/\/www.jorf.se\/index.php?rest_route=\/wp\/v2\/posts\/227"}],"collection":[{"href":"http:\/\/www.jorf.se\/index.php?rest_route=\/wp\/v2\/posts"}],"about":[{"href":"http:\/\/www.jorf.se\/index.php?rest_route=\/wp\/v2\/types\/post"}],"author":[{"embeddable":true,"href":"http:\/\/www.jorf.se\/index.php?rest_route=\/wp\/v2\/users\/1"}],"replies":[{"embeddable":true,"href":"http:\/\/www.jorf.se\/index.php?rest_route=%2Fwp%2Fv2%2Fcomments&post=227"}],"version-history":[{"count":2,"href":"http:\/\/www.jorf.se\/index.php?rest_route=\/wp\/v2\/posts\/227\/revisions"}],"predecessor-version":[{"id":231,"href":"http:\/\/www.jorf.se\/index.php?rest_route=\/wp\/v2\/posts\/227\/revisions\/231"}],"wp:attachment":[{"href":"http:\/\/www.jorf.se\/index.php?rest_route=%2Fwp%2Fv2%2Fmedia&parent=227"}],"wp:term":[{"taxonomy":"category","embeddable":true,"href":"http:\/\/www.jorf.se\/index.php?rest_route=%2Fwp%2Fv2%2Fcategories&post=227"},{"taxonomy":"post_tag","embeddable":true,"href":"http:\/\/www.jorf.se\/index.php?rest_route=%2Fwp%2Fv2%2Ftags&post=227"}],"curies":[{"name":"wp","href":"https:\/\/api.w.org\/{rel}","templated":true}]}}