{"id":1657,"date":"2012-10-18T20:02:22","date_gmt":"2012-10-18T18:02:22","guid":{"rendered":"http:\/\/www.jorf.se\/?p=1657"},"modified":"2012-10-18T20:35:57","modified_gmt":"2012-10-18T18:35:57","slug":"yttrande-gallande-planerade-vindkraftverk-pa-fastigheterna-bingsta-115-bingsta-142-bingsta-241-och-bingsta-32-bergs-kommun-2","status":"publish","type":"post","link":"http:\/\/www.jorf.se\/?p=1657","title":{"rendered":"Yttrande g\u00e4llande planerade vindkraftverk p\u00e5 fastigheterna Bingsta 1:15, Bingsta 1:42, Bingsta 2:41 och Bingsta 3:2, Bergs kommun"},"content":{"rendered":"<p>2012-05-31<\/p>\n<p>Milj\u00f6- och byggnadsn\u00e4mnden<br \/>\nBergs kommun,<\/p>\n<p>Yttrande g\u00e4llande planerade vindkraftverk p\u00e5 fastigheterna Bingsta 1:15, Bingsta 1:42, Bingsta 2:41 och Bingsta 3:2, Bergs kommun<\/p>\n<p>J\u00e4mtlands l\u00e4ns ornitologiska f\u00f6rening har granskat de handlingar som vi f\u00e5tt oss tills\u00e4nda, speciellt \u201d Vindkraftsanl\u00e4ggning Bingsta &#8211; Anm\u00e4lan om uppf\u00f6rande av gruppstation f\u00f6r vindkraft enligt 9 kap milj\u00f6balken.<\/p>\n<p>Vi noterar att kapitlet om p\u00e5verkan p\u00e5 naturmilj\u00f6n har stora brister g\u00e4llande redovisning av f\u00e5gellivet i omr\u00e5det och hur det kommer att p\u00e5verkas. Det enda som uppges i texten \u00e4r att Green Extreme l\u00e5tit inventera omr\u00e5det med avseende p\u00e5 kungs\u00f6rn under mars 2012. Det framg\u00e5r inte vilken metodik som anv\u00e4nts, vilka dagar som inventeringen skett, vilka observationspunkter som anv\u00e4nts eller vem som genomf\u00f6rt inventeringen. Detta ger inte n\u00e5got seri\u00f6st intryck. Det framg\u00e5r inte heller om det \u00e4r bara sj\u00e4lva omr\u00e5det d\u00e4r turbinerna ska byggas som \u00e4r kontrollerat. Kungs\u00f6rnsinventering b\u00f6r omfatta hela omr\u00e5det inom 3 km:s radie fr\u00e5n turbinerna.<\/p>\n<p>Vi \u00f6nskar ocks\u00e5 veta om det genomf\u00f6rts n\u00e5gon h\u00e4ckf\u00e5gelinventering f\u00f6r \u00f6vriga f\u00e5gelarter. Om detta inte \u00e4r gjort b\u00f6r det genomf\u00f6ras snarast m\u00f6jligt under juni m\u00e5nad av ornitologisk expertis.<\/p>\n<p>F\u00f6r J\u00e4mtlands l\u00e4ns ornitologiska f\u00f6rening<\/p>\n<p>Thomas Holmberg<br \/>\nOrdf\u00f6rande<\/p>\n","protected":false},"excerpt":{"rendered":"<p>2012-05-31 Milj\u00f6- och byggnadsn\u00e4mnden Bergs kommun, Yttrande g\u00e4llande planerade vindkraftverk p\u00e5 fastigheterna Bingsta 1:15, Bingsta 1:42, Bingsta 2:41 och Bingsta 3:2, Bergs kommun J\u00e4mtlands l\u00e4ns ornitologiska f\u00f6rening har granskat de handlingar som vi f\u00e5tt oss tills\u00e4nda, speciellt \u201d Vindkraftsanl\u00e4ggning Bingsta &#8211; Anm\u00e4lan om uppf\u00f6rande av gruppstation f\u00f6r vindkraft enligt 9 kap milj\u00f6balken. Vi noterar att [&hellip;]<\/p>\n","protected":false},"author":3,"featured_media":0,"comment_status":"open","ping_status":"open","sticky":false,"template":"","format":"standard","meta":{"footnotes":""},"categories":[21],"tags":[],"_links":{"self":[{"href":"http:\/\/www.jorf.se\/index.php?rest_route=\/wp\/v2\/posts\/1657"}],"collection":[{"href":"http:\/\/www.jorf.se\/index.php?rest_route=\/wp\/v2\/posts"}],"about":[{"href":"http:\/\/www.jorf.se\/index.php?rest_route=\/wp\/v2\/types\/post"}],"author":[{"embeddable":true,"href":"http:\/\/www.jorf.se\/index.php?rest_route=\/wp\/v2\/users\/3"}],"replies":[{"embeddable":true,"href":"http:\/\/www.jorf.se\/index.php?rest_route=%2Fwp%2Fv2%2Fcomments&post=1657"}],"version-history":[{"count":3,"href":"http:\/\/www.jorf.se\/index.php?rest_route=\/wp\/v2\/posts\/1657\/revisions"}],"predecessor-version":[{"id":1698,"href":"http:\/\/www.jorf.se\/index.php?rest_route=\/wp\/v2\/posts\/1657\/revisions\/1698"}],"wp:attachment":[{"href":"http:\/\/www.jorf.se\/index.php?rest_route=%2Fwp%2Fv2%2Fmedia&parent=1657"}],"wp:term":[{"taxonomy":"category","embeddable":true,"href":"http:\/\/www.jorf.se\/index.php?rest_route=%2Fwp%2Fv2%2Fcategories&post=1657"},{"taxonomy":"post_tag","embeddable":true,"href":"http:\/\/www.jorf.se\/index.php?rest_route=%2Fwp%2Fv2%2Ftags&post=1657"}],"curies":[{"name":"wp","href":"https:\/\/api.w.org\/{rel}","templated":true}]}}